{"id":1477,"date":"2014-02-05T21:29:59","date_gmt":"2014-02-05T21:29:59","guid":{"rendered":"http:\/\/diversidadaudiovisual.org\/?p=1477"},"modified":"2023-02-14T20:50:45","modified_gmt":"2023-02-14T20:50:45","slug":"como-hacer-realidad-la-convencion-2005-sobre-diversidad-cultural","status":"publish","type":"post","link":"https:\/\/diversidadaudiovisual.org\/nuevaweb\/como-hacer-realidad-la-convencion-2005-sobre-diversidad-cultural\/","title":{"rendered":"C\u00f3mo hacer realidad la convenci\u00f3n 2005 sobre diversidad cultural"},"content":{"rendered":"<p>Luis A. Albornoz. (2013). Letra Internacional. N\u00fam. 117, pp: 63-68.<\/p>\n<h1><a style=\"font-size: 13px; text-align: justify;\" href=\"http:\/\/diversidadaudiovisual.org\/wp-content\/uploads\/2014\/02\/letraportada.jpg\"><img loading=\"lazy\" decoding=\"async\" class=\"size-medium wp-image-1478 alignleft\" src=\"http:\/\/diversidadaudiovisual.org\/wp-content\/uploads\/2014\/02\/letraportada-205x300.jpg\" alt=\"letraportada\" width=\"205\" height=\"300\" \/><\/a><\/h1>\n<p style=\"text-align: justify;\">El autor reflexiona en el n\u00famero 117 de Letra internacional (Fundaci\u00f3n Pablo Iglesias) sobre la necesidad de dar cumplimiento a los objetivos y principios rectores de la Convenci\u00f3n sobre la diversidad cultural (UNESCO, 2005). Asimismo plantea la urgencia de pensar c\u00f3mo proteger y fomentar la diversidad cultural en el paisaje digital.<\/p>\n<p>Idioma: Castellano.<\/p>\n<p>Enlace al texto completo:\u00a0<a href=\"http:\/\/diversidadaudiovisual.org\/wp-content\/uploads\/2014\/04\/TEXTO-ALBORNOZ.pdf\">C\u00f3mo hacer realidad la convenci\u00f3n 2005 sobre diversidad cultural<\/a>.<\/p>\n","protected":false},"excerpt":{"rendered":"<p>Luis A. Albornoz. (2013). Letra Internacional. N\u00fam. 117, pp: 63-68. El autor reflexiona en el n\u00famero 117 de Letra internacional (Fundaci\u00f3n Pablo Iglesias) sobre la necesidad de dar cumplimiento a los objetivos y principios rectores de la Convenci\u00f3n sobre la diversidad cultural (UNESCO, 2005). Asimismo plantea la urgencia de pensar c\u00f3mo proteger y fomentar la &hellip; <a href=\"https:\/\/diversidadaudiovisual.org\/nuevaweb\/como-hacer-realidad-la-convencion-2005-sobre-diversidad-cultural\/\" class=\"more-link\">Continue reading <span class=\"screen-reader-text\">C\u00f3mo hacer realidad la convenci\u00f3n 2005 sobre diversidad cultural<\/span><\/a><\/p>\n","protected":false},"author":1,"featured_media":8574,"comment_status":"closed","ping_status":"open","sticky":false,"template":"","format":"standard","meta":{"footnotes":""},"categories":[61],"tags":[250],"class_list":["post-1477","post","type-post","status-publish","format-standard","has-post-thumbnail","hentry","category-publicaciones","tag-publicaciones"],"_links":{"self":[{"href":"https:\/\/diversidadaudiovisual.org\/nuevaweb\/wp-json\/wp\/v2\/posts\/1477","targetHints":{"allow":["GET"]}}],"collection":[{"href":"https:\/\/diversidadaudiovisual.org\/nuevaweb\/wp-json\/wp\/v2\/posts"}],"about":[{"href":"https:\/\/diversidadaudiovisual.org\/nuevaweb\/wp-json\/wp\/v2\/types\/post"}],"author":[{"embeddable":true,"href":"https:\/\/diversidadaudiovisual.org\/nuevaweb\/wp-json\/wp\/v2\/users\/1"}],"replies":[{"embeddable":true,"href":"https:\/\/diversidadaudiovisual.org\/nuevaweb\/wp-json\/wp\/v2\/comments?post=1477"}],"version-history":[{"count":2,"href":"https:\/\/diversidadaudiovisual.org\/nuevaweb\/wp-json\/wp\/v2\/posts\/1477\/revisions"}],"predecessor-version":[{"id":8708,"href":"https:\/\/diversidadaudiovisual.org\/nuevaweb\/wp-json\/wp\/v2\/posts\/1477\/revisions\/8708"}],"wp:featuredmedia":[{"embeddable":true,"href":"https:\/\/diversidadaudiovisual.org\/nuevaweb\/wp-json\/wp\/v2\/media\/8574"}],"wp:attachment":[{"href":"https:\/\/diversidadaudiovisual.org\/nuevaweb\/wp-json\/wp\/v2\/media?parent=1477"}],"wp:term":[{"taxonomy":"category","embeddable":true,"href":"https:\/\/diversidadaudiovisual.org\/nuevaweb\/wp-json\/wp\/v2\/categories?post=1477"},{"taxonomy":"post_tag","embeddable":true,"href":"https:\/\/diversidadaudiovisual.org\/nuevaweb\/wp-json\/wp\/v2\/tags?post=1477"}],"curies":[{"name":"wp","href":"https:\/\/api.w.org\/{rel}","templated":true}]}}