{"id":1832,"date":"2014-04-28T15:53:36","date_gmt":"2014-04-28T15:53:36","guid":{"rendered":"http:\/\/diversidadaudiovisual.org\/?p=1832"},"modified":"2023-02-09T12:06:27","modified_gmt":"2023-02-09T12:06:27","slug":"cine-contemporaneo-y-diversidad-cultural-el-caso-de-abbas-kiarostami","status":"publish","type":"post","link":"https:\/\/diversidadaudiovisual.org\/nuevaweb\/cine-contemporaneo-y-diversidad-cultural-el-caso-de-abbas-kiarostami\/","title":{"rendered":"Cine contempor\u00e1neo y diversidad cultural. El caso de Abbas Kiarostami"},"content":{"rendered":"<p style=\"text-align: justify;\">13 de mayo de 2014 \u2013 10:00 horas \u2013 Aula 8 \u2013 Facultad de Comunicaci\u00f3n y Documentaci\u00f3n de la Universidad de Granada<\/p>\n<p style=\"text-align: justify;\"><img loading=\"lazy\" decoding=\"async\" class=\" wp-image-1939 alignleft\" src=\"http:\/\/diversidadaudiovisual.org\/wp-content\/uploads\/2014\/04\/CARTUJA-225x300.jpg\" alt=\"CARTUJA\" width=\"180\" height=\"240\" \/>Asier Aranzubia, miembro del I+D+i, imparti\u00f3 la conferencia \u201cCine contempor\u00e1neo y diversidad cultural. El caso de Abbas Kiarostami\u201d en los <a href=\"http:\/\/www.imagenesdeinmigracion.org\/noticias.htm\" target=\"_blank\" rel=\"noopener\">Encuentros del Proyecto Im\u00e1genes de la Inmigraci\u00f3n: educaci\u00f3n y convivencia intercultural<\/a> (CICODE\/LA CAIXA).<\/p>\n","protected":false},"excerpt":{"rendered":"<p>13 de mayo de 2014 \u2013 10:00 horas \u2013 Aula 8 \u2013 Facultad de Comunicaci\u00f3n y Documentaci\u00f3n de la Universidad de Granada Asier Aranzubia, miembro del I+D+i, imparti\u00f3 la conferencia \u201cCine contempor\u00e1neo y diversidad cultural. El caso de Abbas Kiarostami\u201d en los Encuentros del Proyecto Im\u00e1genes de la Inmigraci\u00f3n: educaci\u00f3n y convivencia intercultural (CICODE\/LA CAIXA).<\/p>\n","protected":false},"author":1,"featured_media":8501,"comment_status":"closed","ping_status":"open","sticky":false,"template":"","format":"standard","meta":{"footnotes":""},"categories":[67,154],"tags":[],"class_list":["post-1832","post","type-post","status-publish","format-standard","has-post-thumbnail","hentry","category-actividades","category-actividades-anteriores"],"_links":{"self":[{"href":"https:\/\/diversidadaudiovisual.org\/nuevaweb\/wp-json\/wp\/v2\/posts\/1832","targetHints":{"allow":["GET"]}}],"collection":[{"href":"https:\/\/diversidadaudiovisual.org\/nuevaweb\/wp-json\/wp\/v2\/posts"}],"about":[{"href":"https:\/\/diversidadaudiovisual.org\/nuevaweb\/wp-json\/wp\/v2\/types\/post"}],"author":[{"embeddable":true,"href":"https:\/\/diversidadaudiovisual.org\/nuevaweb\/wp-json\/wp\/v2\/users\/1"}],"replies":[{"embeddable":true,"href":"https:\/\/diversidadaudiovisual.org\/nuevaweb\/wp-json\/wp\/v2\/comments?post=1832"}],"version-history":[{"count":1,"href":"https:\/\/diversidadaudiovisual.org\/nuevaweb\/wp-json\/wp\/v2\/posts\/1832\/revisions"}],"predecessor-version":[{"id":8113,"href":"https:\/\/diversidadaudiovisual.org\/nuevaweb\/wp-json\/wp\/v2\/posts\/1832\/revisions\/8113"}],"wp:featuredmedia":[{"embeddable":true,"href":"https:\/\/diversidadaudiovisual.org\/nuevaweb\/wp-json\/wp\/v2\/media\/8501"}],"wp:attachment":[{"href":"https:\/\/diversidadaudiovisual.org\/nuevaweb\/wp-json\/wp\/v2\/media?parent=1832"}],"wp:term":[{"taxonomy":"category","embeddable":true,"href":"https:\/\/diversidadaudiovisual.org\/nuevaweb\/wp-json\/wp\/v2\/categories?post=1832"},{"taxonomy":"post_tag","embeddable":true,"href":"https:\/\/diversidadaudiovisual.org\/nuevaweb\/wp-json\/wp\/v2\/tags?post=1832"}],"curies":[{"name":"wp","href":"https:\/\/api.w.org\/{rel}","templated":true}]}}