{"id":2460,"date":"2014-10-23T16:01:01","date_gmt":"2014-10-23T16:01:01","guid":{"rendered":"http:\/\/diversidadaudiovisual.org\/?p=2460"},"modified":"2014-10-23T16:01:01","modified_gmt":"2014-10-23T16:01:01","slug":"wrpbenin","status":"publish","type":"post","link":"https:\/\/diversidadaudiovisual.org\/nuevaweb\/wrpbenin\/","title":{"rendered":""},"content":{"rendered":"<h1 style=\"text-align: left;\"><span style=\"background-color: #ffcc99; font-size: xx-large;\">World Rhythm Productions<br \/>\n<\/span><\/h1>\n<table border=\"1\" width=\"793\" cellspacing=\"0\" cellpadding=\"0\">\n<tbody>\n<tr>\n<td colspan=\"2\" valign=\"top\" width=\"222\">\n<p align=\"left\"><strong>SITIO WEB:<\/strong> <a href=\"http:\/\/www.unesco.org\/new\/es\/culture\/themes\/cultural-diversity\/diversity-of-cultural-expressions\/funded-projects\/2010\/benin\/\" target=\"_blank\" rel=\"noopener\">WRP UNESCO<\/a><\/p>\n<\/td>\n<td rowspan=\"3\" valign=\"top\" width=\"210\"><a href=\"http:\/\/diversidadaudiovisual.org\/wp-content\/uploads\/2014\/10\/wrpbenin.jpg\"><img loading=\"lazy\" decoding=\"async\" class=\"alignnone size-medium wp-image-2461\" src=\"http:\/\/diversidadaudiovisual.org\/wp-content\/uploads\/2014\/10\/wrpbenin-300x225.jpg\" alt=\"wrpbenin\" width=\"300\" height=\"225\" \/><\/a><\/td>\n<\/tr>\n<tr>\n<td colspan=\"2\" valign=\"top\" width=\"222\">\n<p align=\"left\"><b>SUBSECTOR: <\/b>M\u00fasica<\/p>\n<p align=\"left\"><strong>\u00c1MBITO TEMPORAL:<\/strong> 2010<\/p>\n<\/td>\n<\/tr>\n<tr>\n<td colspan=\"2\" valign=\"top\" width=\"222\">\n<p align=\"left\"><b>FASE : <\/b>Distribuci\u00f3n<\/p>\n<p align=\"left\"><strong>\u00c1MBITO GEOGR\u00c1FICO:<\/strong> Benin<\/p>\n<\/td>\n<\/tr>\n<tr>\n<td colspan=\"2\" valign=\"top\" width=\"222\"><\/td>\n<td valign=\"top\" width=\"210\"><\/td>\n<\/tr>\n<tr>\n<td colspan=\"2\" valign=\"top\" width=\"222\"><\/td>\n<td valign=\"top\" width=\"210\"><\/td>\n<\/tr>\n<tr>\n<td valign=\"top\" width=\"140\"><strong>DEFINICI\u00d3N DE LA PR\u00c1CTICA:<\/strong><\/td>\n<td style=\"text-align: justify;\" colspan=\"2\" valign=\"top\" width=\"392\">\n<p class=\"bodytext\" align=\"justify\">Con el apoyo del Fondo Internacional para la Diversidad Cultural (FIDC) de la UNESCO, WRP hizo realidad la iniciativa <span style=\"font-style: italic;\">Proximus Rezo<\/span>. El proyecto <span style=\"font-style: italic;\">Proximus Rezo<\/span> seleccion\u00f3 cuatro m\u00fasicos a trav\u00e9s de un concurso y promocion\u00f3 sus CD originales. Tambi\u00e9n conform\u00f3 una red de ventas sostenible mediante la contrataci\u00f3n de dos distribuidores, y el establecimiento de 100 puestos de venta en peluquer\u00edas de las zonas populares de Cotonou, donde se pusieron en venta los CD junto a otras grabaciones y pel\u00edculas locales. Tambi\u00e9n se hicieron anuncios en radio y televisi\u00f3n.<\/p>\n<\/td>\n<\/tr>\n<tr>\n<td valign=\"top\" width=\"140\">\n<p align=\"left\"><strong>OBJETIVOS:<\/strong><\/p>\n<\/td>\n<td colspan=\"2\" valign=\"top\" width=\"392\">\n<ul>\n<li>Posibilitar a los emprendedores culturales benineses promover nuevos talentos y crear un modelo de negocio innovador y sostenible.<\/li>\n<li>Producir de manera masiva y ampliar la distribuci\u00f3n a partir de un precio accesible para la poblaci\u00f3n local.<\/li>\n<li>Aumentar las ventas de los CD y las ganancias generadas a lo largo de la l\u00ednea de producci\u00f3n art\u00edstica.<\/li>\n<\/ul>\n<\/td>\n<\/tr>\n<tr>\n<td valign=\"top\" width=\"140\">\n<p align=\"left\"><strong>AGENTES IMPLICADOS:<\/strong><\/p>\n<\/td>\n<td colspan=\"2\" valign=\"top\" width=\"392\">World Rhythm Productions \/ UNESCO<\/td>\n<\/tr>\n<tr>\n<td valign=\"top\" width=\"140\">\n<p align=\"left\"><strong>TIPO DE INTERVENCI\u00d3N:<\/strong><\/p>\n<\/td>\n<td colspan=\"2\" valign=\"top\" width=\"392\">Financiera<\/td>\n<\/tr>\n<tr>\n<td valign=\"top\" width=\"140\">\n<p align=\"left\"><strong>PRESUPUESTO:<\/strong><\/p>\n<\/td>\n<td colspan=\"2\" valign=\"top\" width=\"292\">20.000 d\u00f3lares americanos. Financiada por el IFCD en su ciclo de 2010.<\/td>\n<\/tr>\n<\/tbody>\n<\/table>\n<p>&nbsp;<\/p>\n<hr \/>\n<p>&nbsp;<\/p>\n<p>https:\/\/www.youtube.com\/watch?v=2Le8fEDK8c0<\/p>\n<h6 style=\"text-align: center;\">Ben\u00edn &#8211; Sessime<\/h6>\n<p>&nbsp;<\/p>\n<p>&nbsp;<\/p>\n","protected":false},"excerpt":{"rendered":"<p>World Rhythm Productions SITIO WEB: WRP UNESCO SUBSECTOR: M\u00fasica \u00c1MBITO TEMPORAL: 2010 FASE : Distribuci\u00f3n \u00c1MBITO GEOGR\u00c1FICO: Benin DEFINICI\u00d3N DE LA PR\u00c1CTICA: Con el apoyo del Fondo Internacional para la Diversidad Cultural (FIDC) de la UNESCO, WRP hizo realidad la iniciativa Proximus Rezo. El proyecto Proximus Rezo seleccion\u00f3 cuatro m\u00fasicos a trav\u00e9s de un concurso &hellip; <a href=\"https:\/\/diversidadaudiovisual.org\/nuevaweb\/wrpbenin\/\" class=\"more-link\">Continue reading <span class=\"screen-reader-text\"><\/span><\/a><\/p>\n","protected":false},"author":1,"featured_media":0,"comment_status":"closed","ping_status":"open","sticky":false,"template":"","format":"standard","meta":{"footnotes":""},"categories":[156],"tags":[],"class_list":["post-2460","post","type-post","status-publish","format-standard","hentry","category-buenas-practicas"],"_links":{"self":[{"href":"https:\/\/diversidadaudiovisual.org\/nuevaweb\/wp-json\/wp\/v2\/posts\/2460","targetHints":{"allow":["GET"]}}],"collection":[{"href":"https:\/\/diversidadaudiovisual.org\/nuevaweb\/wp-json\/wp\/v2\/posts"}],"about":[{"href":"https:\/\/diversidadaudiovisual.org\/nuevaweb\/wp-json\/wp\/v2\/types\/post"}],"author":[{"embeddable":true,"href":"https:\/\/diversidadaudiovisual.org\/nuevaweb\/wp-json\/wp\/v2\/users\/1"}],"replies":[{"embeddable":true,"href":"https:\/\/diversidadaudiovisual.org\/nuevaweb\/wp-json\/wp\/v2\/comments?post=2460"}],"version-history":[{"count":0,"href":"https:\/\/diversidadaudiovisual.org\/nuevaweb\/wp-json\/wp\/v2\/posts\/2460\/revisions"}],"wp:attachment":[{"href":"https:\/\/diversidadaudiovisual.org\/nuevaweb\/wp-json\/wp\/v2\/media?parent=2460"}],"wp:term":[{"taxonomy":"category","embeddable":true,"href":"https:\/\/diversidadaudiovisual.org\/nuevaweb\/wp-json\/wp\/v2\/categories?post=2460"},{"taxonomy":"post_tag","embeddable":true,"href":"https:\/\/diversidadaudiovisual.org\/nuevaweb\/wp-json\/wp\/v2\/tags?post=2460"}],"curies":[{"name":"wp","href":"https:\/\/api.w.org\/{rel}","templated":true}]}}