{"id":2560,"date":"2014-10-27T16:45:45","date_gmt":"2014-10-27T16:45:45","guid":{"rendered":"http:\/\/diversidadaudiovisual.org\/?p=2560"},"modified":"2014-10-27T16:45:45","modified_gmt":"2014-10-27T16:45:45","slug":"eurosonic","status":"publish","type":"post","link":"https:\/\/diversidadaudiovisual.org\/nuevaweb\/eurosonic\/","title":{"rendered":""},"content":{"rendered":"<h1 style=\"text-align: left;\"><span style=\"background-color: #ffcc99; font-size: xx-large;\">Eurosonic<br \/>\n<\/span><\/h1>\n<table border=\"1\" width=\"793\" cellspacing=\"0\" cellpadding=\"0\">\n<tbody>\n<tr>\n<td colspan=\"2\" valign=\"top\" width=\"222\">\n<p align=\"left\"><strong>SITIO WEB: <\/strong><a href=\"http:\/\/www.eurosonic.net\/\" target=\"_blank\" rel=\"noopener\">www.eurosonic.net<\/a><\/p>\n<\/td>\n<td rowspan=\"3\" valign=\"top\" width=\"210\"><a href=\"http:\/\/diversidadaudiovisual.org\/wp-content\/uploads\/2014\/10\/EUROSONIC_200X200.png\"><img loading=\"lazy\" decoding=\"async\" class=\"alignnone size-full wp-image-2561\" src=\"http:\/\/diversidadaudiovisual.org\/wp-content\/uploads\/2014\/10\/EUROSONIC_200X200.png\" alt=\"EUROSONIC_200X200\" width=\"200\" height=\"200\" \/><\/a><\/td>\n<\/tr>\n<tr>\n<td colspan=\"2\" valign=\"top\" width=\"222\">\n<p align=\"left\"><b>SUBSECTOR: <\/b>Radio<\/p>\n<p align=\"left\"><strong>\u00c1MBITO TEMPORAL:<\/strong> &#8211; en curso<\/p>\n<\/td>\n<\/tr>\n<tr>\n<td colspan=\"2\" valign=\"top\" width=\"222\">\n<p align=\"left\"><b>FASE : <\/b>Distribuci\u00f3n<\/p>\n<p align=\"left\"><strong>\u00c1MBITO GEOGR\u00c1FICO:<\/strong> Uni\u00f3n Europea<\/p>\n<\/td>\n<\/tr>\n<tr>\n<td colspan=\"2\" valign=\"top\" width=\"222\"><\/td>\n<td valign=\"top\" width=\"210\"><\/td>\n<\/tr>\n<tr>\n<td colspan=\"2\" valign=\"top\" width=\"222\"><\/td>\n<td valign=\"top\" width=\"210\"><\/td>\n<\/tr>\n<tr>\n<td valign=\"top\" width=\"140\"><strong>DEFINICI\u00d3N DE LA PR\u00c1CTICA:<\/strong><\/td>\n<td style=\"text-align: justify;\" colspan=\"2\" valign=\"top\" width=\"392\">El proyecto EUROSONIC se centra en dar acceso a contenidos musicales exclusivos de diferente g\u00e9nero (m\u00fasica en directo, festivales, eventos especiales) a una audiencia potencial de 500 millones de oyentes. Este proyecto se enmarca dentro del programa de intercambio de contenidos de la Uni\u00f3n Europea de Radiodifusi\u00f3n en el qu\u00e9\u00a0 los 85 medios p\u00fablicos representados, comparten desde contenidos televisivos, radiof\u00f3nicos y cinematogr\u00e1ficos hasta contenidos informativos y culturales, aumentando la diversidad de origen ofertada entre los operadores.<\/td>\n<\/tr>\n<tr>\n<td valign=\"top\" width=\"140\">\n<p align=\"left\"><strong>OBJETIVOS:<\/strong><\/p>\n<\/td>\n<td style=\"text-align: justify;\" colspan=\"2\" valign=\"top\" width=\"392\">\n<ul>\n<li>Proveer m\u00e1s m\u00fasica en directo, m\u00e1s festivales, m\u00e1s entrevistas y m\u00e1s exclusivas a m\u00e1s gente en toda Europa.<\/li>\n<li>Producir las mejores grabaciones de m\u00fasica en directo que podr\u00e1s escuchar.<\/li>\n<li>Dar acceso a novedades musicales de toda Europa y alcanzar a nuevos oyentes.<\/li>\n<li>Mostrar y promover el nuevo talento, las nuevas tendencias y las nuevas tecnolog\u00edas en m\u00fasica.<\/li>\n<\/ul>\n<\/td>\n<\/tr>\n<tr>\n<td valign=\"top\" width=\"140\">\n<p align=\"left\"><strong>AGENTES IMPLICADOS:<\/strong><\/p>\n<\/td>\n<td colspan=\"2\" valign=\"top\" width=\"392\">Uni\u00f3n Europea de Radiodifusi\u00f3n (<a href=\"http:\/\/www3.ebu.ch\/home\" target=\"_blank\" rel=\"noopener\">UER\/EBU<\/a>)<\/td>\n<\/tr>\n<tr>\n<td valign=\"top\" width=\"140\">\n<p align=\"left\"><strong>TIPO DE INTERVENCI\u00d3N:<\/strong><\/p>\n<\/td>\n<td colspan=\"2\" valign=\"top\" width=\"392\">Institucional<\/td>\n<\/tr>\n<tr>\n<td valign=\"top\" width=\"140\">\n<p align=\"left\"><strong>PRESUPUESTO:<\/strong><\/p>\n<\/td>\n<td colspan=\"2\" valign=\"top\" width=\"292\"><\/td>\n<\/tr>\n<\/tbody>\n<\/table>\n<p>&nbsp;<\/p>\n<p>&nbsp;<\/p>\n<p>&nbsp;<\/p>\n","protected":false},"excerpt":{"rendered":"<p>Eurosonic SITIO WEB: www.eurosonic.net SUBSECTOR: Radio \u00c1MBITO TEMPORAL: &#8211; en curso FASE : Distribuci\u00f3n \u00c1MBITO GEOGR\u00c1FICO: Uni\u00f3n Europea DEFINICI\u00d3N DE LA PR\u00c1CTICA: El proyecto EUROSONIC se centra en dar acceso a contenidos musicales exclusivos de diferente g\u00e9nero (m\u00fasica en directo, festivales, eventos especiales) a una audiencia potencial de 500 millones de oyentes. Este proyecto se &hellip; <a href=\"https:\/\/diversidadaudiovisual.org\/nuevaweb\/eurosonic\/\" class=\"more-link\">Continue reading <span class=\"screen-reader-text\"><\/span><\/a><\/p>\n","protected":false},"author":1,"featured_media":0,"comment_status":"closed","ping_status":"open","sticky":false,"template":"","format":"standard","meta":{"footnotes":""},"categories":[156],"tags":[171,172,173],"class_list":["post-2560","post","type-post","status-publish","format-standard","hentry","category-buenas-practicas","tag-eurosonic","tag-radio","tag-uer"],"_links":{"self":[{"href":"https:\/\/diversidadaudiovisual.org\/nuevaweb\/wp-json\/wp\/v2\/posts\/2560","targetHints":{"allow":["GET"]}}],"collection":[{"href":"https:\/\/diversidadaudiovisual.org\/nuevaweb\/wp-json\/wp\/v2\/posts"}],"about":[{"href":"https:\/\/diversidadaudiovisual.org\/nuevaweb\/wp-json\/wp\/v2\/types\/post"}],"author":[{"embeddable":true,"href":"https:\/\/diversidadaudiovisual.org\/nuevaweb\/wp-json\/wp\/v2\/users\/1"}],"replies":[{"embeddable":true,"href":"https:\/\/diversidadaudiovisual.org\/nuevaweb\/wp-json\/wp\/v2\/comments?post=2560"}],"version-history":[{"count":0,"href":"https:\/\/diversidadaudiovisual.org\/nuevaweb\/wp-json\/wp\/v2\/posts\/2560\/revisions"}],"wp:attachment":[{"href":"https:\/\/diversidadaudiovisual.org\/nuevaweb\/wp-json\/wp\/v2\/media?parent=2560"}],"wp:term":[{"taxonomy":"category","embeddable":true,"href":"https:\/\/diversidadaudiovisual.org\/nuevaweb\/wp-json\/wp\/v2\/categories?post=2560"},{"taxonomy":"post_tag","embeddable":true,"href":"https:\/\/diversidadaudiovisual.org\/nuevaweb\/wp-json\/wp\/v2\/tags?post=2560"}],"curies":[{"name":"wp","href":"https:\/\/api.w.org\/{rel}","templated":true}]}}