{"id":2880,"date":"2015-06-01T08:41:12","date_gmt":"2015-06-01T08:41:12","guid":{"rendered":"http:\/\/diversidadaudiovisual.org\/?p=2880"},"modified":"2023-02-10T10:46:08","modified_gmt":"2023-02-10T10:46:08","slug":"afrodescendencia-y-medios-de-comunicacion","status":"publish","type":"post","link":"https:\/\/diversidadaudiovisual.org\/nuevaweb\/afrodescendencia-y-medios-de-comunicacion\/","title":{"rendered":"Afrodescendencia y medios de comunicaci\u00f3n"},"content":{"rendered":"<p>Del 16 al 19 de junio de 2015 &#8211; Universidad Complutense de Madrid<img loading=\"lazy\" decoding=\"async\" class=\"size-full wp-image-2881 alignright\" src=\"http:\/\/diversidadaudiovisual.org\/wp-content\/uploads\/2015\/06\/siteon0.jpg\" alt=\"fundacion sur\" width=\"283\" height=\"202\" \/><\/p>\n<p style=\"text-align: justify;\">La Profesora Beatriz Barreiro, miembro del proyecto de investigaci\u00f3n &#8220;Diversidad de la industria audiovisual en la era digital&#8221;, particip\u00f3 en la mesa de debate <em>Afrodescendencia y medios de Comunicaci\u00f3n,<\/em>\u00a0coordinada por la <a href=\"http:\/\/www.africafundacion.org\" target=\"_blank\" rel=\"noopener\">Fundaci\u00f3n Sur <\/a>en el marco de<em>\u00a0<\/em><a href=\"http:\/\/afromadrid.org\/?lang=en\" target=\"_blank\" rel=\"noopener\">Afro Madrid 2015<\/a>. El evento\u00a0tuvo lugar el\u00a0martes 16 de junio de 2015 a las 16:00 h., en el Sal\u00f3n de Grados de la Facultad de Derecho de la Universidad Complutense de Madrid.<\/p>\n<p style=\"text-align: justify;\">Con motivo de la celebraci\u00f3n del\u00a0<a href=\"http:\/\/www.un.org\/es\/events\/africandescentdecade\/background.shtml\" target=\"_blank\" rel=\"noopener\">Decenio Internacional para los Afrodescendientes, proclamado por la resoluci\u00f3n 68\/237 de la Asamblea General de las Naciones Unidas<\/a> (2015-2024), el tema de debate gir\u00f3 en torno a la necesidad de emprender los esfuerzos e iniciativas necesarias para terminar con la discriminaci\u00f3n y la segregaci\u00f3n y promover el goce pleno de los derechos econ\u00f3micos, sociales y culturales, as\u00ed como de los derechos civiles y pol\u00edticos de todos los afrodescendientes. Para ello, es esencial promover el acceso y la participaci\u00f3n de las sociedades afrodescendientes en los medios de comunicaci\u00f3n.<\/p>\n<p style=\"text-align: justify;\">La mesa, planteada con una visi\u00f3n interdisciplinar, estuvo moderada por Rafael S\u00e1nchez (Fundaci\u00f3n Sur) y en ella participaron tambi\u00e9n Alfonso Armada (Fronterad), Zelmira Aguilar (Comunicadora social, Per\u00fa), Tony Romero (Cineasta, Cuba) y Javier Bernab\u00e9 Fraguas (IPPAI).<\/p>\n<div>\n<p align=\"center\"><strong><em>\u00a0<\/em><\/strong><\/p>\n<\/div>\n","protected":false},"excerpt":{"rendered":"<p>Del 16 al 19 de junio de 2015 &#8211; Universidad Complutense de Madrid La Profesora Beatriz Barreiro, miembro del proyecto de investigaci\u00f3n &#8220;Diversidad de la industria audiovisual en la era digital&#8221;, particip\u00f3 en la mesa de debate Afrodescendencia y medios de Comunicaci\u00f3n,\u00a0coordinada por la Fundaci\u00f3n Sur en el marco de\u00a0Afro Madrid 2015. El evento\u00a0tuvo lugar &hellip; <a href=\"https:\/\/diversidadaudiovisual.org\/nuevaweb\/afrodescendencia-y-medios-de-comunicacion\/\" class=\"more-link\">Continue reading <span class=\"screen-reader-text\">Afrodescendencia y medios de comunicaci\u00f3n<\/span><\/a><\/p>\n","protected":false},"author":1,"featured_media":8501,"comment_status":"closed","ping_status":"open","sticky":false,"template":"","format":"standard","meta":{"footnotes":""},"categories":[67,154],"tags":[],"class_list":["post-2880","post","type-post","status-publish","format-standard","has-post-thumbnail","hentry","category-actividades","category-actividades-anteriores"],"_links":{"self":[{"href":"https:\/\/diversidadaudiovisual.org\/nuevaweb\/wp-json\/wp\/v2\/posts\/2880","targetHints":{"allow":["GET"]}}],"collection":[{"href":"https:\/\/diversidadaudiovisual.org\/nuevaweb\/wp-json\/wp\/v2\/posts"}],"about":[{"href":"https:\/\/diversidadaudiovisual.org\/nuevaweb\/wp-json\/wp\/v2\/types\/post"}],"author":[{"embeddable":true,"href":"https:\/\/diversidadaudiovisual.org\/nuevaweb\/wp-json\/wp\/v2\/users\/1"}],"replies":[{"embeddable":true,"href":"https:\/\/diversidadaudiovisual.org\/nuevaweb\/wp-json\/wp\/v2\/comments?post=2880"}],"version-history":[{"count":1,"href":"https:\/\/diversidadaudiovisual.org\/nuevaweb\/wp-json\/wp\/v2\/posts\/2880\/revisions"}],"predecessor-version":[{"id":8127,"href":"https:\/\/diversidadaudiovisual.org\/nuevaweb\/wp-json\/wp\/v2\/posts\/2880\/revisions\/8127"}],"wp:featuredmedia":[{"embeddable":true,"href":"https:\/\/diversidadaudiovisual.org\/nuevaweb\/wp-json\/wp\/v2\/media\/8501"}],"wp:attachment":[{"href":"https:\/\/diversidadaudiovisual.org\/nuevaweb\/wp-json\/wp\/v2\/media?parent=2880"}],"wp:term":[{"taxonomy":"category","embeddable":true,"href":"https:\/\/diversidadaudiovisual.org\/nuevaweb\/wp-json\/wp\/v2\/categories?post=2880"},{"taxonomy":"post_tag","embeddable":true,"href":"https:\/\/diversidadaudiovisual.org\/nuevaweb\/wp-json\/wp\/v2\/tags?post=2880"}],"curies":[{"name":"wp","href":"https:\/\/api.w.org\/{rel}","templated":true}]}}