{"id":2946,"date":"2015-07-19T15:26:38","date_gmt":"2015-07-19T15:26:38","guid":{"rendered":"http:\/\/diversidadaudiovisual.org\/?p=2946"},"modified":"2023-02-10T10:51:46","modified_gmt":"2023-02-10T10:51:46","slug":"radio-research-conference-2015","status":"publish","type":"post","link":"https:\/\/diversidadaudiovisual.org\/nuevaweb\/radio-research-conference-2015\/","title":{"rendered":"Radio Research Conference 2015"},"content":{"rendered":"<p>Del 28 al 30 de octubre de 2015\u00a0&#8211; Universidad\u00a0Carlos III de Madrid<\/p>\n<p style=\"text-align: justify;\"><img loading=\"lazy\" decoding=\"async\" class=\"size-medium wp-image-2947 alignleft\" src=\"http:\/\/diversidadaudiovisual.org\/wp-content\/uploads\/2015\/07\/logocongreso1-300x293.jpg\" alt=\"logocongreso1\" width=\"300\" height=\"293\" \/>Los miembros del proyecto de investigaci\u00f3n &#8220;Diversidad Audiovisual en la Era Digital&#8221;, Jos\u00e9 Ignacio Gallego y Manuel Fern\u00e1ndez Sande organizaron el congreso internacional <a href=\"http:\/\/radioresearch2015.org\/radioresearch\/\" target=\"_blank\" rel=\"noopener\">Radio Research ECREA 2015<\/a>. \u00a0El congreso se celebr\u00f3 en la Facultad de Humanidades, Comunicaci\u00f3n y Documentaci\u00f3n de la Universidad Carlos III de Madrid entre los d\u00edas 28 y 30 de octubre de 2015 bajo el tema &#8220;Diversity, Innovation &amp; Policies&#8221;.<\/p>\n<p style=\"text-align: justify;\">M\u00aa Trinidad Garc\u00eda Leiva, investigadora principal del proyecto de investigaci\u00f3n, particip\u00f3\u00a0del congreso como relatora en la mesa\u00a0\u201cThe Second Century of Wireless. Radio spectrum and the challenge of mobile communication in the digital era\u201d, que tuvo\u00a0lugar el jueves 29 de octubre a las 11.30 horas. Junto a ella estuvieron\u00a0Marko Ala Fossi\u00a0(University of Tampere) como ponente principal,\u00a0David Fern\u00e1ndez Quijada (EBU) como relator y\u00a0Guy Starkey (University of Sunderland) como moderador.<\/p>\n<h2 style=\"color: #ffffff;\"><\/h2>\n<p>&nbsp;<\/p>\n","protected":false},"excerpt":{"rendered":"<p>Del 28 al 30 de octubre de 2015\u00a0&#8211; Universidad\u00a0Carlos III de Madrid Los miembros del proyecto de investigaci\u00f3n &#8220;Diversidad Audiovisual en la Era Digital&#8221;, Jos\u00e9 Ignacio Gallego y Manuel Fern\u00e1ndez Sande organizaron el congreso internacional Radio Research ECREA 2015. \u00a0El congreso se celebr\u00f3 en la Facultad de Humanidades, Comunicaci\u00f3n y Documentaci\u00f3n de la Universidad Carlos &hellip; <a href=\"https:\/\/diversidadaudiovisual.org\/nuevaweb\/radio-research-conference-2015\/\" class=\"more-link\">Continue reading <span class=\"screen-reader-text\">Radio Research Conference 2015<\/span><\/a><\/p>\n","protected":false},"author":1,"featured_media":8500,"comment_status":"closed","ping_status":"open","sticky":false,"template":"","format":"standard","meta":{"footnotes":""},"categories":[67,154],"tags":[],"class_list":["post-2946","post","type-post","status-publish","format-standard","has-post-thumbnail","hentry","category-actividades","category-actividades-anteriores"],"_links":{"self":[{"href":"https:\/\/diversidadaudiovisual.org\/nuevaweb\/wp-json\/wp\/v2\/posts\/2946","targetHints":{"allow":["GET"]}}],"collection":[{"href":"https:\/\/diversidadaudiovisual.org\/nuevaweb\/wp-json\/wp\/v2\/posts"}],"about":[{"href":"https:\/\/diversidadaudiovisual.org\/nuevaweb\/wp-json\/wp\/v2\/types\/post"}],"author":[{"embeddable":true,"href":"https:\/\/diversidadaudiovisual.org\/nuevaweb\/wp-json\/wp\/v2\/users\/1"}],"replies":[{"embeddable":true,"href":"https:\/\/diversidadaudiovisual.org\/nuevaweb\/wp-json\/wp\/v2\/comments?post=2946"}],"version-history":[{"count":1,"href":"https:\/\/diversidadaudiovisual.org\/nuevaweb\/wp-json\/wp\/v2\/posts\/2946\/revisions"}],"predecessor-version":[{"id":8138,"href":"https:\/\/diversidadaudiovisual.org\/nuevaweb\/wp-json\/wp\/v2\/posts\/2946\/revisions\/8138"}],"wp:featuredmedia":[{"embeddable":true,"href":"https:\/\/diversidadaudiovisual.org\/nuevaweb\/wp-json\/wp\/v2\/media\/8500"}],"wp:attachment":[{"href":"https:\/\/diversidadaudiovisual.org\/nuevaweb\/wp-json\/wp\/v2\/media?parent=2946"}],"wp:term":[{"taxonomy":"category","embeddable":true,"href":"https:\/\/diversidadaudiovisual.org\/nuevaweb\/wp-json\/wp\/v2\/categories?post=2946"},{"taxonomy":"post_tag","embeddable":true,"href":"https:\/\/diversidadaudiovisual.org\/nuevaweb\/wp-json\/wp\/v2\/tags?post=2946"}],"curies":[{"name":"wp","href":"https:\/\/api.w.org\/{rel}","templated":true}]}}