{"id":381,"date":"2012-06-18T14:20:45","date_gmt":"2012-06-18T14:20:45","guid":{"rendered":"http:\/\/diversidadaudiovisual.org\/?p=381"},"modified":"2021-04-26T09:11:49","modified_gmt":"2021-04-26T09:11:49","slug":"entrevista-philip-schlesinger","status":"publish","type":"post","link":"https:\/\/diversidadaudiovisual.org\/nuevaweb\/entrevista-philip-schlesinger\/","title":{"rendered":"Philip Schlesinger"},"content":{"rendered":"<p>Entrevista a Philip Schlesinger (University of Glasgow, Scotland). Director del Centre for Cultural Policy. Entrevista realizada el 23\/4\/2012 en Getafe (Madrid, Espa\u00f1a). M\u00e1s informaci\u00f3n sobre Philip Schlesinger en <a title=\"http:\/\/www.gla.ac.uk\/schools\/cca\/staff\/philipschlesinger\/\" dir=\"ltr\" href=\"http:\/\/www.gla.ac.uk\/schools\/cca\/staff\/philipschlesinger\/\" rel=\"nofollow noopener\" target=\"_blank\">http:\/\/www.gla.ac.uk\/schools\/cca\/staff\/philipschlesinger\/<\/a><\/p>\n<p>&nbsp;<\/p>\n","protected":false},"excerpt":{"rendered":"<p>Entrevista a Philip Schlesinger (University of Glasgow, Scotland). Director del Centre for Cultural Policy. Entrevista realizada el 23\/4\/2012 en Getafe (Madrid, Espa\u00f1a). M\u00e1s informaci\u00f3n sobre Philip Schlesinger en http:\/\/www.gla.ac.uk\/schools\/cca\/staff\/philipschlesinger\/ &nbsp;<\/p>\n","protected":false},"author":1,"featured_media":5946,"comment_status":"closed","ping_status":"open","sticky":false,"template":"","format":"video","meta":{"footnotes":""},"categories":[69],"tags":[],"class_list":["post-381","post","type-post","status-publish","format-video","has-post-thumbnail","hentry","category-entrevistas","post_format-post-format-video"],"_links":{"self":[{"href":"https:\/\/diversidadaudiovisual.org\/nuevaweb\/wp-json\/wp\/v2\/posts\/381","targetHints":{"allow":["GET"]}}],"collection":[{"href":"https:\/\/diversidadaudiovisual.org\/nuevaweb\/wp-json\/wp\/v2\/posts"}],"about":[{"href":"https:\/\/diversidadaudiovisual.org\/nuevaweb\/wp-json\/wp\/v2\/types\/post"}],"author":[{"embeddable":true,"href":"https:\/\/diversidadaudiovisual.org\/nuevaweb\/wp-json\/wp\/v2\/users\/1"}],"replies":[{"embeddable":true,"href":"https:\/\/diversidadaudiovisual.org\/nuevaweb\/wp-json\/wp\/v2\/comments?post=381"}],"version-history":[{"count":3,"href":"https:\/\/diversidadaudiovisual.org\/nuevaweb\/wp-json\/wp\/v2\/posts\/381\/revisions"}],"predecessor-version":[{"id":6282,"href":"https:\/\/diversidadaudiovisual.org\/nuevaweb\/wp-json\/wp\/v2\/posts\/381\/revisions\/6282"}],"wp:featuredmedia":[{"embeddable":true,"href":"https:\/\/diversidadaudiovisual.org\/nuevaweb\/wp-json\/wp\/v2\/media\/5946"}],"wp:attachment":[{"href":"https:\/\/diversidadaudiovisual.org\/nuevaweb\/wp-json\/wp\/v2\/media?parent=381"}],"wp:term":[{"taxonomy":"category","embeddable":true,"href":"https:\/\/diversidadaudiovisual.org\/nuevaweb\/wp-json\/wp\/v2\/categories?post=381"},{"taxonomy":"post_tag","embeddable":true,"href":"https:\/\/diversidadaudiovisual.org\/nuevaweb\/wp-json\/wp\/v2\/tags?post=381"}],"curies":[{"name":"wp","href":"https:\/\/api.w.org\/{rel}","templated":true}]}}