{"id":3858,"date":"2012-01-04T13:18:19","date_gmt":"2012-01-04T13:18:19","guid":{"rendered":"http:\/\/diversidadaudiovisual.org\/?p=3858"},"modified":"2023-02-14T20:53:04","modified_gmt":"2023-02-14T20:53:04","slug":"sintonizando-el-futuro-radio-y-produccion-sonora-en-el-siglo-xxi","status":"publish","type":"post","link":"https:\/\/diversidadaudiovisual.org\/nuevaweb\/sintonizando-el-futuro-radio-y-produccion-sonora-en-el-siglo-xxi\/","title":{"rendered":"Sintonizando el futuro: Radio y producci\u00f3n sonora en el siglo XXI"},"content":{"rendered":"<p><img loading=\"lazy\" decoding=\"async\" class=\"wp-image-3859 alignleft\" src=\"http:\/\/diversidadaudiovisual.org\/wp-content\/uploads\/2017\/01\/02.jpg\" alt=\"02\" width=\"203\" height=\"288\" \/>J. Ignacio Gallego y M\u00aa Trinidad Garc\u00eda Leiva (coords.).Madrid: IORTV, 2012 ISBN: 978-84-88788-85-6<\/p>\n<p style=\"text-align: justify;\">La radio y la producci\u00f3n sonora enfrentan importantes desaf\u00edos hoy. Esta obra colectiva ofrece una panor\u00e1mica de las principales transformaciones que les afectan a partir de un conjunto de contribuciones organizadas en tres bloques tem\u00e1ticos que incluyen cinco casos de estudio. El primer bloque presenta una visi\u00f3n de las claves empresariales y pol\u00edticas que estructuran la radio espa\u00f1ola en el contexto europeo. El segundo da cuenta de los \u00faltimos avances t\u00e9cnicos al reunir trabajos dedicados a presentar las tendencias y aplicaciones m\u00e1s importantes de las nuevas tecnolog\u00edas de producci\u00f3n, distribuci\u00f3n y consumo sonoro y radiof\u00f3nico. Finalmente, el tercer bloque indaga en las relaciones entre lenguaje radiof\u00f3nico, est\u00e9tica y arte, por un lado, y programaci\u00f3n y contenidos, por otro.<\/p>\n","protected":false},"excerpt":{"rendered":"<p>J. Ignacio Gallego y M\u00aa Trinidad Garc\u00eda Leiva (coords.).Madrid: IORTV, 2012 ISBN: 978-84-88788-85-6 La radio y la producci\u00f3n sonora enfrentan importantes desaf\u00edos hoy. Esta obra colectiva ofrece una panor\u00e1mica de las principales transformaciones que les afectan a partir de un conjunto de contribuciones organizadas en tres bloques tem\u00e1ticos que incluyen cinco casos de estudio. El &hellip; <a href=\"https:\/\/diversidadaudiovisual.org\/nuevaweb\/sintonizando-el-futuro-radio-y-produccion-sonora-en-el-siglo-xxi\/\" class=\"more-link\">Continue reading <span class=\"screen-reader-text\">Sintonizando el futuro: Radio y producci\u00f3n sonora en el siglo XXI<\/span><\/a><\/p>\n","protected":false},"author":1,"featured_media":8562,"comment_status":"closed","ping_status":"closed","sticky":false,"template":"","format":"standard","meta":{"footnotes":""},"categories":[61],"tags":[250],"class_list":["post-3858","post","type-post","status-publish","format-standard","has-post-thumbnail","hentry","category-publicaciones","tag-publicaciones"],"_links":{"self":[{"href":"https:\/\/diversidadaudiovisual.org\/nuevaweb\/wp-json\/wp\/v2\/posts\/3858","targetHints":{"allow":["GET"]}}],"collection":[{"href":"https:\/\/diversidadaudiovisual.org\/nuevaweb\/wp-json\/wp\/v2\/posts"}],"about":[{"href":"https:\/\/diversidadaudiovisual.org\/nuevaweb\/wp-json\/wp\/v2\/types\/post"}],"author":[{"embeddable":true,"href":"https:\/\/diversidadaudiovisual.org\/nuevaweb\/wp-json\/wp\/v2\/users\/1"}],"replies":[{"embeddable":true,"href":"https:\/\/diversidadaudiovisual.org\/nuevaweb\/wp-json\/wp\/v2\/comments?post=3858"}],"version-history":[{"count":2,"href":"https:\/\/diversidadaudiovisual.org\/nuevaweb\/wp-json\/wp\/v2\/posts\/3858\/revisions"}],"predecessor-version":[{"id":8702,"href":"https:\/\/diversidadaudiovisual.org\/nuevaweb\/wp-json\/wp\/v2\/posts\/3858\/revisions\/8702"}],"wp:featuredmedia":[{"embeddable":true,"href":"https:\/\/diversidadaudiovisual.org\/nuevaweb\/wp-json\/wp\/v2\/media\/8562"}],"wp:attachment":[{"href":"https:\/\/diversidadaudiovisual.org\/nuevaweb\/wp-json\/wp\/v2\/media?parent=3858"}],"wp:term":[{"taxonomy":"category","embeddable":true,"href":"https:\/\/diversidadaudiovisual.org\/nuevaweb\/wp-json\/wp\/v2\/categories?post=3858"},{"taxonomy":"post_tag","embeddable":true,"href":"https:\/\/diversidadaudiovisual.org\/nuevaweb\/wp-json\/wp\/v2\/tags?post=3858"}],"curies":[{"name":"wp","href":"https:\/\/api.w.org\/{rel}","templated":true}]}}