{"id":3956,"date":"2017-02-12T08:22:39","date_gmt":"2017-02-12T08:22:39","guid":{"rendered":"http:\/\/diversidadaudiovisual.org\/?p=3956"},"modified":"2023-02-14T20:35:49","modified_gmt":"2023-02-14T20:35:49","slug":"la-radio-digital-una-oportunidad-para-la-diversidad","status":"publish","type":"post","link":"https:\/\/diversidadaudiovisual.org\/nuevaweb\/la-radio-digital-una-oportunidad-para-la-diversidad\/","title":{"rendered":"La radio digital: una oportunidad para la diversidad"},"content":{"rendered":"<p>Juan Ignacio Gallego (2017). Tribuna abierta [eldiario.es 12\/02\/2017]<\/p>\n<p>Con el apag\u00f3n de la FM est\u00e1 en juego que se lleve\u00a0a los oyentes a una plataforma de pago que los convierte en mercanc\u00eda a partir de la explotaci\u00f3n de sus datos de consumo y su exposici\u00f3n a la publicidad de las cadenas comerciales.<\/p>\n<p>Idioma: Castellano.<\/p>\n<p>Enlace al art\u00edculo <a href=\"http:\/\/www.eldiario.es\/tribunaabierta\/radio-digital-oportunidad-diversidad_6_611798821.html\">aqu\u00ed<\/a>.<\/p>\n","protected":false},"excerpt":{"rendered":"<p>Juan Ignacio Gallego (2017). Tribuna abierta [eldiario.es 12\/02\/2017] Con el apag\u00f3n de la FM est\u00e1 en juego que se lleve\u00a0a los oyentes a una plataforma de pago que los convierte en mercanc\u00eda a partir de la explotaci\u00f3n de sus datos de consumo y su exposici\u00f3n a la publicidad de las cadenas comerciales. Idioma: Castellano. Enlace &hellip; <a href=\"https:\/\/diversidadaudiovisual.org\/nuevaweb\/la-radio-digital-una-oportunidad-para-la-diversidad\/\" class=\"more-link\">Continue reading <span class=\"screen-reader-text\">La radio digital: una oportunidad para la diversidad<\/span><\/a><\/p>\n","protected":false},"author":1,"featured_media":8650,"comment_status":"closed","ping_status":"closed","sticky":false,"template":"","format":"standard","meta":{"footnotes":""},"categories":[61],"tags":[250],"class_list":["post-3956","post","type-post","status-publish","format-standard","has-post-thumbnail","hentry","category-publicaciones","tag-publicaciones"],"_links":{"self":[{"href":"https:\/\/diversidadaudiovisual.org\/nuevaweb\/wp-json\/wp\/v2\/posts\/3956","targetHints":{"allow":["GET"]}}],"collection":[{"href":"https:\/\/diversidadaudiovisual.org\/nuevaweb\/wp-json\/wp\/v2\/posts"}],"about":[{"href":"https:\/\/diversidadaudiovisual.org\/nuevaweb\/wp-json\/wp\/v2\/types\/post"}],"author":[{"embeddable":true,"href":"https:\/\/diversidadaudiovisual.org\/nuevaweb\/wp-json\/wp\/v2\/users\/1"}],"replies":[{"embeddable":true,"href":"https:\/\/diversidadaudiovisual.org\/nuevaweb\/wp-json\/wp\/v2\/comments?post=3956"}],"version-history":[{"count":2,"href":"https:\/\/diversidadaudiovisual.org\/nuevaweb\/wp-json\/wp\/v2\/posts\/3956\/revisions"}],"predecessor-version":[{"id":8745,"href":"https:\/\/diversidadaudiovisual.org\/nuevaweb\/wp-json\/wp\/v2\/posts\/3956\/revisions\/8745"}],"wp:featuredmedia":[{"embeddable":true,"href":"https:\/\/diversidadaudiovisual.org\/nuevaweb\/wp-json\/wp\/v2\/media\/8650"}],"wp:attachment":[{"href":"https:\/\/diversidadaudiovisual.org\/nuevaweb\/wp-json\/wp\/v2\/media?parent=3956"}],"wp:term":[{"taxonomy":"category","embeddable":true,"href":"https:\/\/diversidadaudiovisual.org\/nuevaweb\/wp-json\/wp\/v2\/categories?post=3956"},{"taxonomy":"post_tag","embeddable":true,"href":"https:\/\/diversidadaudiovisual.org\/nuevaweb\/wp-json\/wp\/v2\/tags?post=3956"}],"curies":[{"name":"wp","href":"https:\/\/api.w.org\/{rel}","templated":true}]}}