{"id":4248,"date":"2018-03-13T16:58:12","date_gmt":"2018-03-13T16:58:12","guid":{"rendered":"http:\/\/diversidadaudiovisual.org\/?p=4248"},"modified":"2023-02-06T13:06:05","modified_gmt":"2023-02-06T13:06:05","slug":"vi-congreso-internacional-de-la-asociacion-espanola-de-investigacion-de-la-comunicacion-ae-ic-comunicacion-y-conocimiento","status":"publish","type":"post","link":"https:\/\/diversidadaudiovisual.org\/nuevaweb\/vi-congreso-internacional-de-la-asociacion-espanola-de-investigacion-de-la-comunicacion-ae-ic-comunicacion-y-conocimiento\/","title":{"rendered":"VI Congreso Internacional de la Asociaci\u00f3n Espa\u00f1ola de Investigaci\u00f3n de la Comunicaci\u00f3n (AE-IC) &#8211; Comunicaci\u00f3n y conocimiento."},"content":{"rendered":"<p>Del 26 al 29 de junio de 2018 &#8211; Universidad de Salamanca<\/p>\n<p>Varios miembros del proyecto de investigaci\u00f3n participaron presentando comunicaciones en el\u00a0VI Congreso Internacional de la Asociaci\u00f3n Espa\u00f1ola de Investigaci\u00f3n de la Comunicaci\u00f3n (AE-IC) que llevaba por lema Comunicaci\u00f3n y conocimiento. Luis A. Albornoz y M\u00aa Trinidad Garc\u00eda Leiva presentaron la comunicaci\u00f3n titulada &#8220;Netflix Espa\u00f1a: una reflexi\u00f3n en clave de diversidad audiovisual&#8221; mientras que Marina Hern\u00e1dez, junto con Samuel Etxebarr\u00eda, defendi\u00f3 la comunicaci\u00f3n titulada &#8220;An\u00e1lisis de la diversidad de contenidos del cat\u00e1logo de la plataforma audiovisual Filmin&#8221;.<\/p>\n<p>As\u00ed mismo, Ana Segovia particip\u00f3 de la sesi\u00f3n plenaria &#8220;Econom\u00eda Pol\u00edtica de la Comunicaci\u00f3n y Conocimiento&#8221;, moderada por \u00c1ngel Badillo y con la presencia de\u00a0Philip Schlesinger (Universidad de Glasgow),\u00a0Toby Miller (Universidad Loughborough Londres) y\u00a0Suzy dos Santos (Universidad Federal de R\u00edo de Janeiro). La profesora Segovia present\u00f3 la ponencia &#8220;Econom\u00eda politica, financiarizaci\u00f3n y estrategias corporativas. El grupo PRISA&#8221;.<\/p>\n<p>&nbsp;<\/p>\n<p><img loading=\"lazy\" decoding=\"async\" class=\"aligncenter size-full wp-image-4249\" src=\"http:\/\/diversidadaudiovisual.org\/wp-content\/uploads\/2018\/03\/logo-congreso-AE_IC.png\" alt=\"\" width=\"238\" height=\"202\" \/><\/p>\n","protected":false},"excerpt":{"rendered":"<p>Del 26 al 29 de junio de 2018 &#8211; Universidad de Salamanca Varios miembros del proyecto de investigaci\u00f3n participaron presentando comunicaciones en el\u00a0VI Congreso Internacional de la Asociaci\u00f3n Espa\u00f1ola de Investigaci\u00f3n de la Comunicaci\u00f3n (AE-IC) que llevaba por lema Comunicaci\u00f3n y conocimiento. Luis A. Albornoz y M\u00aa Trinidad Garc\u00eda Leiva presentaron la comunicaci\u00f3n titulada &#8220;Netflix &hellip; <a href=\"https:\/\/diversidadaudiovisual.org\/nuevaweb\/vi-congreso-internacional-de-la-asociacion-espanola-de-investigacion-de-la-comunicacion-ae-ic-comunicacion-y-conocimiento\/\" class=\"more-link\">Continue reading <span class=\"screen-reader-text\">VI Congreso Internacional de la Asociaci\u00f3n Espa\u00f1ola de Investigaci\u00f3n de la Comunicaci\u00f3n (AE-IC) &#8211; Comunicaci\u00f3n y conocimiento.<\/span><\/a><\/p>\n","protected":false},"author":1,"featured_media":876,"comment_status":"closed","ping_status":"closed","sticky":false,"template":"","format":"standard","meta":{"footnotes":""},"categories":[242],"tags":[],"class_list":["post-4248","post","type-post","status-publish","format-standard","has-post-thumbnail","hentry","category-congreso"],"_links":{"self":[{"href":"https:\/\/diversidadaudiovisual.org\/nuevaweb\/wp-json\/wp\/v2\/posts\/4248","targetHints":{"allow":["GET"]}}],"collection":[{"href":"https:\/\/diversidadaudiovisual.org\/nuevaweb\/wp-json\/wp\/v2\/posts"}],"about":[{"href":"https:\/\/diversidadaudiovisual.org\/nuevaweb\/wp-json\/wp\/v2\/types\/post"}],"author":[{"embeddable":true,"href":"https:\/\/diversidadaudiovisual.org\/nuevaweb\/wp-json\/wp\/v2\/users\/1"}],"replies":[{"embeddable":true,"href":"https:\/\/diversidadaudiovisual.org\/nuevaweb\/wp-json\/wp\/v2\/comments?post=4248"}],"version-history":[{"count":1,"href":"https:\/\/diversidadaudiovisual.org\/nuevaweb\/wp-json\/wp\/v2\/posts\/4248\/revisions"}],"predecessor-version":[{"id":8175,"href":"https:\/\/diversidadaudiovisual.org\/nuevaweb\/wp-json\/wp\/v2\/posts\/4248\/revisions\/8175"}],"wp:featuredmedia":[{"embeddable":true,"href":"https:\/\/diversidadaudiovisual.org\/nuevaweb\/wp-json\/"}],"wp:attachment":[{"href":"https:\/\/diversidadaudiovisual.org\/nuevaweb\/wp-json\/wp\/v2\/media?parent=4248"}],"wp:term":[{"taxonomy":"category","embeddable":true,"href":"https:\/\/diversidadaudiovisual.org\/nuevaweb\/wp-json\/wp\/v2\/categories?post=4248"},{"taxonomy":"post_tag","embeddable":true,"href":"https:\/\/diversidadaudiovisual.org\/nuevaweb\/wp-json\/wp\/v2\/tags?post=4248"}],"curies":[{"name":"wp","href":"https:\/\/api.w.org\/{rel}","templated":true}]}}