{"id":4665,"date":"2019-05-21T13:32:03","date_gmt":"2019-05-21T13:32:03","guid":{"rendered":"http:\/\/diversidadaudiovisual.org\/?p=4665"},"modified":"2021-05-28T10:40:00","modified_gmt":"2021-05-28T10:40:00","slug":"manifiesto-dia-de-la-diversidad-2019","status":"publish","type":"post","link":"https:\/\/diversidadaudiovisual.org\/nuevaweb\/manifiesto-dia-de-la-diversidad-2019\/","title":{"rendered":"Manifiesto D\u00eda de la Diversidad 2019"},"content":{"rendered":"<p>El 21 de mayo, como cada a\u00f1o, se conmemora el D\u00eda Mundial de la Diversidad Cultural para el Di\u00e1logo y el Desarrollo. El Centro UNESCO Getafe-Madrid y los integrantes del grupo de investigaci\u00f3n Diversidad Audiovisual de la Universidad Carlos III de Madrid se suman a esta efem\u00e9ride con el presente <a href=\"http:\/\/diversidadaudiovisual.org\/wp-content\/uploads\/2019\/05\/ManifiestoDiaDiversidad.pdf\">manifiesto<\/a>.<\/p>\n<p>&nbsp;<\/p>\n","protected":false},"excerpt":{"rendered":"<p>El 21 de mayo, como cada a\u00f1o, se conmemora el D\u00eda Mundial de la Diversidad Cultural para el Di\u00e1logo y el Desarrollo. El Centro UNESCO Getafe-Madrid y los integrantes del grupo de investigaci\u00f3n Diversidad Audiovisual de la Universidad Carlos III de Madrid se suman a esta efem\u00e9ride con el presente manifiesto. &nbsp;<\/p>\n","protected":false},"author":1,"featured_media":7569,"comment_status":"closed","ping_status":"closed","sticky":false,"template":"","format":"image","meta":{"footnotes":""},"categories":[74,68],"tags":[],"class_list":["post-4665","post","type-post","status-publish","format-image","has-post-thumbnail","hentry","category-documentos","category-recursos","post_format-post-format-image"],"_links":{"self":[{"href":"https:\/\/diversidadaudiovisual.org\/nuevaweb\/wp-json\/wp\/v2\/posts\/4665","targetHints":{"allow":["GET"]}}],"collection":[{"href":"https:\/\/diversidadaudiovisual.org\/nuevaweb\/wp-json\/wp\/v2\/posts"}],"about":[{"href":"https:\/\/diversidadaudiovisual.org\/nuevaweb\/wp-json\/wp\/v2\/types\/post"}],"author":[{"embeddable":true,"href":"https:\/\/diversidadaudiovisual.org\/nuevaweb\/wp-json\/wp\/v2\/users\/1"}],"replies":[{"embeddable":true,"href":"https:\/\/diversidadaudiovisual.org\/nuevaweb\/wp-json\/wp\/v2\/comments?post=4665"}],"version-history":[{"count":1,"href":"https:\/\/diversidadaudiovisual.org\/nuevaweb\/wp-json\/wp\/v2\/posts\/4665\/revisions"}],"predecessor-version":[{"id":7570,"href":"https:\/\/diversidadaudiovisual.org\/nuevaweb\/wp-json\/wp\/v2\/posts\/4665\/revisions\/7570"}],"wp:featuredmedia":[{"embeddable":true,"href":"https:\/\/diversidadaudiovisual.org\/nuevaweb\/wp-json\/wp\/v2\/media\/7569"}],"wp:attachment":[{"href":"https:\/\/diversidadaudiovisual.org\/nuevaweb\/wp-json\/wp\/v2\/media?parent=4665"}],"wp:term":[{"taxonomy":"category","embeddable":true,"href":"https:\/\/diversidadaudiovisual.org\/nuevaweb\/wp-json\/wp\/v2\/categories?post=4665"},{"taxonomy":"post_tag","embeddable":true,"href":"https:\/\/diversidadaudiovisual.org\/nuevaweb\/wp-json\/wp\/v2\/tags?post=4665"}],"curies":[{"name":"wp","href":"https:\/\/api.w.org\/{rel}","templated":true}]}}