{"id":4935,"date":"2014-03-20T12:59:02","date_gmt":"2014-03-20T12:59:02","guid":{"rendered":"http:\/\/diversidadaudiovisual.org\/?p=1522"},"modified":"2014-03-20T12:59:02","modified_gmt":"2014-03-20T12:59:02","slug":"programa-ibermedia","status":"publish","type":"post","link":"https:\/\/diversidadaudiovisual.org\/nuevaweb\/programa-ibermedia\/","title":{"rendered":"Programa Ibermedia"},"content":{"rendered":"<table width=\"793\" border=\"1\" cellspacing=\"0\" cellpadding=\"0\">\n<tbody>\n<tr>\n<td colspan=\"2\" valign=\"top\" width=\"222\">\n<p align=\"left\"><strong>SITIO WEB:<\/strong> <a href=\"http:\/\/www.programaibermedia.com\/\" target=\"_blank\" rel=\"noopener\">http:\/\/www.programaibermedia.com\/<\/a><\/p>\n<\/td>\n<td rowspan=\"3\" valign=\"top\" width=\"210\"><a href=\"http:\/\/diversidadaudiovisual.org\/wp-content\/uploads\/2014\/03\/ibermedia-logo.png\"><img loading=\"lazy\" decoding=\"async\" class=\"alignnone size-full wp-image-1523\" src=\"http:\/\/diversidadaudiovisual.org\/wp-content\/uploads\/2014\/03\/ibermedia-logo.png\" alt=\"ibermedia-logo\" width=\"279\" height=\"94\" \/><\/a><\/td>\n<\/tr>\n<tr>\n<td colspan=\"2\" valign=\"top\" width=\"222\">\n<p align=\"left\"><b>SUBSECTOR: <\/b>Cine<\/p>\n<p align=\"left\"><strong>\u00c1MBITO TEMPORAL:<\/strong> 1998- en curso<\/p>\n<\/td>\n<\/tr>\n<tr>\n<td colspan=\"2\" valign=\"top\" width=\"222\">\n<p align=\"left\"><b>FASE : <\/b>Producci\u00f3n<\/p>\n<p align=\"left\"><strong>\u00c1MBITO GEOGR\u00c1FICO:<\/strong> Iberoam\u00e9rica<\/p>\n<\/td>\n<\/tr>\n<tr>\n<td colspan=\"2\" valign=\"top\" width=\"222\"><\/td>\n<td valign=\"top\" width=\"210\"><\/td>\n<\/tr>\n<tr>\n<td colspan=\"2\" valign=\"top\" width=\"222\"><\/td>\n<td valign=\"top\" width=\"210\"><\/td>\n<\/tr>\n<tr>\n<td valign=\"top\" width=\"140\"><strong>DEFINICI\u00d3N DE LA PR\u00c1CTICA:<\/strong><\/td>\n<td colspan=\"2\" valign=\"top\" width=\"292\">Con la intenci\u00f3n de crear un espacio audiovisual iberoamericano el programa Ibermedia pretende estimular la coproducci\u00f3n de pel\u00edculas de ficci\u00f3n y documental en una comunidad integrada por 19 pa\u00edses: Argentina, Bolivia, Brasil, Colombia, Costa Rica, Cuba, Chile, Ecuador, Espa\u00f1a, Guatemala, M\u00e9xico, Panam\u00e1, Paraguay, Per\u00fa, Portugal, Puerto Rico, Rep\u00fablica Dominicana, Uruguay y Venezuela.<\/td>\n<\/tr>\n<tr>\n<td valign=\"top\" width=\"140\">\n<p align=\"left\"><strong>OBJETIVOS:<\/strong><\/p>\n<\/td>\n<td colspan=\"2\" valign=\"top\" width=\"292\">\n<p align=\"left\">Los objetivos del Programa IBERMEDIA se dividen en tres apartados: desarrollo, coproducci\u00f3n y formaci\u00f3n.<\/p>\n<p align=\"left\">Desarrollo:<\/p>\n<ul>\n<li>Contribuir a la realizaci\u00f3n de pel\u00edculas y proyectos audiovisuales dirigidos al mercado, en particular al mercado iberoamericano.<\/li>\n<li>Crear un entorno favorable a la integraci\u00f3n en redes de las empresas de producci\u00f3n iberoamericanas<\/li>\n<\/ul>\n<p align=\"left\">Coproducci\u00f3n:<\/p>\n<ul>\n<li>Promover, mediante la asistencia t\u00e9cnica y financiera, la coproducci\u00f3n de proyectos presentados por productores independientes iberoamericanos.<\/li>\n<li>Ayudar a las empresas capaces de realizar dichos proyectos.<\/li>\n<li>Fomentar su integraci\u00f3n en redes que faciliten las coproducciones.<\/li>\n<li>Trabajar para el aprovechamiento del patrimonio audiovisual iberoamericano.<\/li>\n<\/ul>\n<p align=\"left\">Formaci\u00f3n:<\/p>\n<ul>\n<li>Favorecer la formaci\u00f3n continua de los profesionales de la producci\u00f3n y la gesti\u00f3n empresarial audiovisual.<\/li>\n<li>Promover la utilizaci\u00f3n y el desarrollo de nuevas tecnolog\u00edas.<\/li>\n<li>Contribuir a la cooperaci\u00f3n y el intercambio de conocimientos.<\/li>\n<\/ul>\n<p>&nbsp;<\/td>\n<\/tr>\n<tr>\n<td valign=\"top\" width=\"140\">\n<p align=\"left\"><strong>AGENTES IMPLICADOS:<\/strong><\/p>\n<\/td>\n<td colspan=\"2\" valign=\"top\" width=\"292\">\n<p align=\"left\">Conferencia de Autoridades Cinematogr\u00e1ficas de Iberom\u00e9rica (CACI)<\/p>\n<\/td>\n<\/tr>\n<tr>\n<td valign=\"top\" width=\"140\">\n<p align=\"left\"><strong>TIPO DE INTERVENCI\u00d3N:<\/strong><\/p>\n<\/td>\n<td colspan=\"2\" valign=\"top\" width=\"292\">\n<p align=\"left\">Coproducciones e intercambio de contenidos y programas<\/p>\n<\/td>\n<\/tr>\n<tr>\n<td valign=\"top\" width=\"140\">\n<p align=\"left\"><strong>PRESUPUESTO:<\/strong><\/p>\n<\/td>\n<td colspan=\"2\" valign=\"top\" width=\"292\">El presupuesto del fondo del programa en el a\u00f1o 2012 ha sido de 5.635.881 d\u00f3lares. En los 15 a\u00f1os de funcionamiento el Programa Ibermedia ha invertido m\u00e1s de 73 millones de d\u00f3lares en audiovisual iberoamericano.<\/td>\n<\/tr>\n<\/tbody>\n<\/table>\n<p><iframe loading=\"lazy\" title=\"Programa IBERMEDIA 2013\" width=\"847\" height=\"635\" src=\"https:\/\/www.youtube.com\/embed\/PWntclzwK44?feature=oembed\" frameborder=\"0\" allow=\"accelerometer; autoplay; clipboard-write; encrypted-media; gyroscope; picture-in-picture\" allowfullscreen><\/iframe><\/p>\n<p>&nbsp;<\/p>\n<p>&nbsp;<\/p>\n<p>&nbsp;<\/p>\n<p>&nbsp;<\/p>\n","protected":false},"excerpt":{"rendered":"<p>SITIO WEB: http:\/\/www.programaibermedia.com\/ SUBSECTOR: Cine \u00c1MBITO TEMPORAL: 1998- en curso FASE : Producci\u00f3n \u00c1MBITO GEOGR\u00c1FICO: Iberoam\u00e9rica DEFINICI\u00d3N DE LA PR\u00c1CTICA: Con la intenci\u00f3n de crear un espacio audiovisual iberoamericano el programa Ibermedia pretende estimular la coproducci\u00f3n de pel\u00edculas de ficci\u00f3n y documental en una comunidad integrada por 19 pa\u00edses: Argentina, Bolivia, Brasil, Colombia, Costa Rica, &hellip; <a href=\"https:\/\/diversidadaudiovisual.org\/nuevaweb\/programa-ibermedia\/\" class=\"more-link\">Continue reading <span class=\"screen-reader-text\">Programa Ibermedia<\/span><\/a><\/p>\n","protected":false},"author":1,"featured_media":0,"comment_status":"closed","ping_status":"open","sticky":false,"template":"","format":"standard","meta":{"footnotes":""},"categories":[1],"tags":[],"class_list":["post-4935","post","type-post","status-publish","format-standard","hentry","category-sin-categoria"],"_links":{"self":[{"href":"https:\/\/diversidadaudiovisual.org\/nuevaweb\/wp-json\/wp\/v2\/posts\/4935","targetHints":{"allow":["GET"]}}],"collection":[{"href":"https:\/\/diversidadaudiovisual.org\/nuevaweb\/wp-json\/wp\/v2\/posts"}],"about":[{"href":"https:\/\/diversidadaudiovisual.org\/nuevaweb\/wp-json\/wp\/v2\/types\/post"}],"author":[{"embeddable":true,"href":"https:\/\/diversidadaudiovisual.org\/nuevaweb\/wp-json\/wp\/v2\/users\/1"}],"replies":[{"embeddable":true,"href":"https:\/\/diversidadaudiovisual.org\/nuevaweb\/wp-json\/wp\/v2\/comments?post=4935"}],"version-history":[{"count":0,"href":"https:\/\/diversidadaudiovisual.org\/nuevaweb\/wp-json\/wp\/v2\/posts\/4935\/revisions"}],"wp:attachment":[{"href":"https:\/\/diversidadaudiovisual.org\/nuevaweb\/wp-json\/wp\/v2\/media?parent=4935"}],"wp:term":[{"taxonomy":"category","embeddable":true,"href":"https:\/\/diversidadaudiovisual.org\/nuevaweb\/wp-json\/wp\/v2\/categories?post=4935"},{"taxonomy":"post_tag","embeddable":true,"href":"https:\/\/diversidadaudiovisual.org\/nuevaweb\/wp-json\/wp\/v2\/tags?post=4935"}],"curies":[{"name":"wp","href":"https:\/\/api.w.org\/{rel}","templated":true}]}}