{"id":4937,"date":"2014-03-27T19:22:22","date_gmt":"2014-03-27T19:22:22","guid":{"rendered":"http:\/\/diversidadaudiovisual.org\/?p=1680"},"modified":"2014-03-27T19:22:22","modified_gmt":"2014-03-27T19:22:22","slug":"carta-cultural-iberoamericana","status":"publish","type":"post","link":"https:\/\/diversidadaudiovisual.org\/nuevaweb\/carta-cultural-iberoamericana\/","title":{"rendered":"Carta Cultural Iberoamericana"},"content":{"rendered":"<p style=\"text-align: justify;\">Instrumento jur\u00eddico, aprobado por la XVI Cumbre Iberoamericana de Jefes de Estado y de Gobierno, realizada \u00a0en Montevideo\u00a0 (Uruguay) en 2006. La Carta tiene entre sus fines \u201cpromover y proteger la diversidad cultural que es origen y fundamento \u00a0de la \u00a0cultura \u00a0iberoamericana, \u00a0as\u00ed como \u00a0la \u00a0multiplicidad \u00a0de identidades, lenguas y tradiciones que la conforman y enriquecen\u201d. Entre sus \u00e1mbitos de aplicaci\u00f3n se encuentran las industrias culturales y creativas, as\u00ed como la esfera comunicativa.<\/p>\n<p style=\"text-align: justify;\">Al respecto, la Carta establece en su apartado III, denominado \u00c1mbitos de aplicaci\u00f3n, que \u201clas industrias culturales son instrumentos fundamentales de creaci\u00f3n y de difusi\u00f3n de la cultura, de expresi\u00f3n y afirmaci\u00f3n de las identidades, as\u00ed como de generaci\u00f3n de riqueza y crecimiento. Con el prop\u00f3sito de garantizar tanto un acceso m\u00e1s democr\u00e1tico a los bienes y servicios que generan dichas industrias, \u00a0como \u00a0un \u00a0intercambio \u00a0m\u00e1s \u00a0equilibrado \u00a0y una \u00a0difusi\u00f3n \u00a0de\u00a0 contenidos \u00a0que expresen la diversidad cultural del espacio iberoamericano, se propende a: apoyar y fomentar \u00a0la producci\u00f3n \u00a0de contenidos \u00a0culturales \u00a0y las estructuras \u00a0de distribuci\u00f3n \u00a0de actividades, bienes y servicios culturales en el espacio cultural iberoamericano\u201d.<\/p>\n<p style=\"text-align: justify;\">Asimismo, establece en el mismo apartado que \u201clos medios de comunicaci\u00f3n son escenarios para la creaci\u00f3n, y cauces importantes para la difusi\u00f3n y el fomento de la diversidad cultural. Por lo que se debe: promover\u00a0 el acceso plural de las comunidades y de los grupos sociales a las tecnolog\u00edas y a los medios de comunicaci\u00f3n; favorecer la creaci\u00f3n de medios de comunicaci\u00f3n en el \u00e1mbito iberoamericano para la expresi\u00f3n de las distintas manifestaciones \u00a0culturales \u00a0en la regi\u00f3n y en el mundo; \u00a0poner \u00a0en valor la misi\u00f3n de servicio p\u00fablico cultural que corresponde a los medios de comunicaci\u00f3n; y fomentar el desarrollo de los medios de comunicaci\u00f3n ciudadanos y comunitarios que estimulen el di\u00e1logo entre las comunidades locales y enriquezcan la presencia de la diversidad en la esfera p\u00fablica\u201d.<\/p>\n<p><a href=\"http:\/\/segib.org\/wp-content\/uploads\/Carta-cultural-iberoamericana.pdf\">Enlace al documento oficial<\/a><\/p>\n<p>&nbsp;<\/p>\n","protected":false},"excerpt":{"rendered":"<p>Instrumento jur\u00eddico, aprobado por la XVI Cumbre Iberoamericana de Jefes de Estado y de Gobierno, realizada \u00a0en Montevideo\u00a0 (Uruguay) en 2006. La Carta tiene entre sus fines \u201cpromover y proteger la diversidad cultural que es origen y fundamento \u00a0de la \u00a0cultura \u00a0iberoamericana, \u00a0as\u00ed como \u00a0la \u00a0multiplicidad \u00a0de identidades, lenguas y tradiciones que la conforman y &hellip; <a href=\"https:\/\/diversidadaudiovisual.org\/nuevaweb\/carta-cultural-iberoamericana\/\" class=\"more-link\">Continue reading <span class=\"screen-reader-text\">Carta Cultural Iberoamericana<\/span><\/a><\/p>\n","protected":false},"author":1,"featured_media":1681,"comment_status":"closed","ping_status":"closed","sticky":false,"template":"","format":"standard","meta":{"footnotes":""},"categories":[158],"tags":[],"class_list":["post-4937","post","type-post","status-publish","format-standard","has-post-thumbnail","hentry","category-legislacion-internacional"],"_links":{"self":[{"href":"https:\/\/diversidadaudiovisual.org\/nuevaweb\/wp-json\/wp\/v2\/posts\/4937","targetHints":{"allow":["GET"]}}],"collection":[{"href":"https:\/\/diversidadaudiovisual.org\/nuevaweb\/wp-json\/wp\/v2\/posts"}],"about":[{"href":"https:\/\/diversidadaudiovisual.org\/nuevaweb\/wp-json\/wp\/v2\/types\/post"}],"author":[{"embeddable":true,"href":"https:\/\/diversidadaudiovisual.org\/nuevaweb\/wp-json\/wp\/v2\/users\/1"}],"replies":[{"embeddable":true,"href":"https:\/\/diversidadaudiovisual.org\/nuevaweb\/wp-json\/wp\/v2\/comments?post=4937"}],"version-history":[{"count":0,"href":"https:\/\/diversidadaudiovisual.org\/nuevaweb\/wp-json\/wp\/v2\/posts\/4937\/revisions"}],"wp:featuredmedia":[{"embeddable":true,"href":"https:\/\/diversidadaudiovisual.org\/nuevaweb\/wp-json\/"}],"wp:attachment":[{"href":"https:\/\/diversidadaudiovisual.org\/nuevaweb\/wp-json\/wp\/v2\/media?parent=4937"}],"wp:term":[{"taxonomy":"category","embeddable":true,"href":"https:\/\/diversidadaudiovisual.org\/nuevaweb\/wp-json\/wp\/v2\/categories?post=4937"},{"taxonomy":"post_tag","embeddable":true,"href":"https:\/\/diversidadaudiovisual.org\/nuevaweb\/wp-json\/wp\/v2\/tags?post=4937"}],"curies":[{"name":"wp","href":"https:\/\/api.w.org\/{rel}","templated":true}]}}