{"id":4944,"date":"2014-06-11T14:50:38","date_gmt":"2014-06-11T14:50:38","guid":{"rendered":"http:\/\/diversidadaudiovisual.org\/?p=2059"},"modified":"2014-06-11T14:50:38","modified_gmt":"2014-06-11T14:50:38","slug":"diversidad-cultural-y-futuro-de-la-radio-publica","status":"publish","type":"post","link":"https:\/\/diversidadaudiovisual.org\/nuevaweb\/diversidad-cultural-y-futuro-de-la-radio-publica\/","title":{"rendered":"Diversidad cultural y futuro de la radio p\u00fablica"},"content":{"rendered":"<p><a href=\"http:\/\/www.rcinet.ca\/es\/diversidad-radio\/\" target=\"_blank\" rel=\"noopener\"><img loading=\"lazy\" decoding=\"async\" class=\"aligncenter wp-image-2060 \" src=\"http:\/\/diversidadaudiovisual.org\/wp-content\/uploads\/2014\/06\/Diversidad_radio_publica_pic-300x168.jpg\" alt=\"Diversidad_radio_publica_pic\" width=\"434\" height=\"243\" \/><\/a><\/p>\n<p style=\"text-align: justify;\">Radio Canad\u00e1 Internacional presenta esta coproducci\u00f3n realizada junto a Radio Educaci\u00f3n de M\u00e9xico en la que explora el futuro de la radio p\u00fablica y su papel ante la diversidad cultural.<\/p>\n<p style=\"text-align: justify;\">El <a href=\"http:\/\/www.rcinet.ca\/es\/diversidad-radio\/\" target=\"_blank\" rel=\"noopener\">proyecto<\/a>, realizado en el marco\u00a0del Segundo Congreso Internacional: Los Medios P\u00fablicos de Cara a la Democracia (Ciudad de M\u00e9xico, 2005),\u00a0recoge diversos\u00a0testimonios\u00a0de comunicadores de M\u00e9xico, Argentina, Colombia, Venezuela, Brasil, Espa\u00f1a y Canad\u00e1 en torno a la radio p\u00fablica.<\/p>\n<p style=\"text-align: justify;\">\n","protected":false},"excerpt":{"rendered":"<p>Radio Canad\u00e1 Internacional presenta esta coproducci\u00f3n realizada junto a Radio Educaci\u00f3n de M\u00e9xico en la que explora el futuro de la radio p\u00fablica y su papel ante la diversidad cultural. El proyecto, realizado en el marco\u00a0del Segundo Congreso Internacional: Los Medios P\u00fablicos de Cara a la Democracia (Ciudad de M\u00e9xico, 2005),\u00a0recoge diversos\u00a0testimonios\u00a0de comunicadores de M\u00e9xico, &hellip; <a href=\"https:\/\/diversidadaudiovisual.org\/nuevaweb\/diversidad-cultural-y-futuro-de-la-radio-publica\/\" class=\"more-link\">Continue reading <span class=\"screen-reader-text\">Diversidad cultural y futuro de la radio p\u00fablica<\/span><\/a><\/p>\n","protected":false},"author":1,"featured_media":2060,"comment_status":"closed","ping_status":"open","sticky":false,"template":"","format":"standard","meta":{"footnotes":""},"categories":[155,68],"tags":[],"class_list":["post-4944","post","type-post","status-publish","format-standard","has-post-thumbnail","hentry","category-audiovisuales","category-recursos"],"_links":{"self":[{"href":"https:\/\/diversidadaudiovisual.org\/nuevaweb\/wp-json\/wp\/v2\/posts\/4944","targetHints":{"allow":["GET"]}}],"collection":[{"href":"https:\/\/diversidadaudiovisual.org\/nuevaweb\/wp-json\/wp\/v2\/posts"}],"about":[{"href":"https:\/\/diversidadaudiovisual.org\/nuevaweb\/wp-json\/wp\/v2\/types\/post"}],"author":[{"embeddable":true,"href":"https:\/\/diversidadaudiovisual.org\/nuevaweb\/wp-json\/wp\/v2\/users\/1"}],"replies":[{"embeddable":true,"href":"https:\/\/diversidadaudiovisual.org\/nuevaweb\/wp-json\/wp\/v2\/comments?post=4944"}],"version-history":[{"count":0,"href":"https:\/\/diversidadaudiovisual.org\/nuevaweb\/wp-json\/wp\/v2\/posts\/4944\/revisions"}],"wp:featuredmedia":[{"embeddable":true,"href":"https:\/\/diversidadaudiovisual.org\/nuevaweb\/wp-json\/wp\/v2\/menu-items\/2060"}],"wp:attachment":[{"href":"https:\/\/diversidadaudiovisual.org\/nuevaweb\/wp-json\/wp\/v2\/media?parent=4944"}],"wp:term":[{"taxonomy":"category","embeddable":true,"href":"https:\/\/diversidadaudiovisual.org\/nuevaweb\/wp-json\/wp\/v2\/categories?post=4944"},{"taxonomy":"post_tag","embeddable":true,"href":"https:\/\/diversidadaudiovisual.org\/nuevaweb\/wp-json\/wp\/v2\/tags?post=4944"}],"curies":[{"name":"wp","href":"https:\/\/api.w.org\/{rel}","templated":true}]}}