{"id":550,"date":"2012-10-15T08:27:46","date_gmt":"2012-10-15T08:27:46","guid":{"rendered":"http:\/\/diversidadaudiovisual.org\/?p=550"},"modified":"2021-04-26T09:08:49","modified_gmt":"2021-04-26T09:08:49","slug":"entrevista-a-rodrigo-gomez","status":"publish","type":"post","link":"https:\/\/diversidadaudiovisual.org\/nuevaweb\/entrevista-a-rodrigo-gomez\/","title":{"rendered":"Rodrigo G\u00f3mez"},"content":{"rendered":"<p>Entrevista a Rodrigo G\u00f3mez (Universidad Aut\u00f3noma Metropolitana. M\u00e9xico). Actualmente es Profesor Investigador Titular &#8220;C&#8221; en el Departamento de Ciencias de la Comunicaci\u00f3n de la UAM. Entrevista realizada el 28\/6\/2012 en Getafe (Espa\u00f1a). Es el autor del informe Mapping Digital M\u00e9xico para la Open Society Foundation.<\/p>\n","protected":false},"excerpt":{"rendered":"<p>Entrevista a Rodrigo G\u00f3mez (Universidad Aut\u00f3noma Metropolitana. M\u00e9xico). Actualmente es Profesor Investigador Titular &#8220;C&#8221; en el Departamento de Ciencias de la Comunicaci\u00f3n de la UAM. Entrevista realizada el 28\/6\/2012 en Getafe (Espa\u00f1a). Es el autor del informe Mapping Digital M\u00e9xico para la Open Society Foundation.<\/p>\n","protected":false},"author":1,"featured_media":5938,"comment_status":"closed","ping_status":"open","sticky":false,"template":"","format":"video","meta":{"footnotes":""},"categories":[69],"tags":[],"class_list":["post-550","post","type-post","status-publish","format-video","has-post-thumbnail","hentry","category-entrevistas","post_format-post-format-video"],"_links":{"self":[{"href":"https:\/\/diversidadaudiovisual.org\/nuevaweb\/wp-json\/wp\/v2\/posts\/550","targetHints":{"allow":["GET"]}}],"collection":[{"href":"https:\/\/diversidadaudiovisual.org\/nuevaweb\/wp-json\/wp\/v2\/posts"}],"about":[{"href":"https:\/\/diversidadaudiovisual.org\/nuevaweb\/wp-json\/wp\/v2\/types\/post"}],"author":[{"embeddable":true,"href":"https:\/\/diversidadaudiovisual.org\/nuevaweb\/wp-json\/wp\/v2\/users\/1"}],"replies":[{"embeddable":true,"href":"https:\/\/diversidadaudiovisual.org\/nuevaweb\/wp-json\/wp\/v2\/comments?post=550"}],"version-history":[{"count":3,"href":"https:\/\/diversidadaudiovisual.org\/nuevaweb\/wp-json\/wp\/v2\/posts\/550\/revisions"}],"predecessor-version":[{"id":6278,"href":"https:\/\/diversidadaudiovisual.org\/nuevaweb\/wp-json\/wp\/v2\/posts\/550\/revisions\/6278"}],"wp:featuredmedia":[{"embeddable":true,"href":"https:\/\/diversidadaudiovisual.org\/nuevaweb\/wp-json\/wp\/v2\/media\/5938"}],"wp:attachment":[{"href":"https:\/\/diversidadaudiovisual.org\/nuevaweb\/wp-json\/wp\/v2\/media?parent=550"}],"wp:term":[{"taxonomy":"category","embeddable":true,"href":"https:\/\/diversidadaudiovisual.org\/nuevaweb\/wp-json\/wp\/v2\/categories?post=550"},{"taxonomy":"post_tag","embeddable":true,"href":"https:\/\/diversidadaudiovisual.org\/nuevaweb\/wp-json\/wp\/v2\/tags?post=550"}],"curies":[{"name":"wp","href":"https:\/\/api.w.org\/{rel}","templated":true}]}}