{"id":595,"date":"2012-12-16T15:06:06","date_gmt":"2012-12-16T15:06:06","guid":{"rendered":"http:\/\/diversidadaudiovisual.org\/?p=595"},"modified":"2023-02-09T11:36:39","modified_gmt":"2023-02-09T11:36:39","slug":"vi-sesion-del-cig-unesco","status":"publish","type":"post","link":"https:\/\/diversidadaudiovisual.org\/nuevaweb\/vi-sesion-del-cig-unesco\/","title":{"rendered":"VI sesi\u00f3n ordinaria del Comit\u00e9 intergubernamental para la protecci\u00f3n y promoci\u00f3n de la diversidad cultural"},"content":{"rendered":"<p style=\"text-align: justify;\">Del 10 al 14 de Diciembre de 2012 &#8211; Sede de la UNESCO, Par\u00eds<\/p>\n<p style=\"text-align: justify;\">Luis A. Albornoz, Investigador Principal del I+D+i,\u00a0particip\u00f3 en la 6ta. sesi\u00f3n ordinaria del Comit\u00e9 intergubernamental (CIG) para la protecci\u00f3n y promoci\u00f3n de la diversidad cultural que tuvo lugar en Par\u00eds.<\/p>\n<p style=\"text-align: justify;\">La sexta reuni\u00f3n del CIG focaliz\u00f3 su atenci\u00f3n en el Fondo internacional para la diversidad cultural (FIDC), realiz\u00e1ndose la evaluaci\u00f3n de la fase piloto (2009-2012), la revisi\u00f3n de sus orientaciones y la adopci\u00f3n de los proyectos seleccionados en el marco del tercer llamado.<\/p>\n<p style=\"text-align: justify;\">Asimismo, en este encuentro el CIG examin\u00f3 los primeros informes peri\u00f3dicos cuatrienales elaborados por las Partes de la Convenci\u00f3n y continu\u00f3 su discusi\u00f3n sobre la puesta en marcha del art\u00edculo 21 de la Convenci\u00f3n 2005. El CIG tambi\u00e9n seleccion\u00f3 un emblema para la Convenci\u00f3n 2005 y tom\u00f3 conocimiento de la puesta en marcha de la estrategia de ratificaci\u00f3n para el periodo 2011-2012.<\/p>\n<p style=\"text-align: justify;\">El\u00a0Profesor\u00a0Luis A. Albornoz, quien particip\u00f3 de la sesi\u00f3n en calidad de observador, realiz\u00f3 una estancia de investigaci\u00f3n en el Centre d\u2019\u00e9tudes sur les m\u00e9dias, les technologies, et l\u2019internationalisation (Cemti), de la Universidad Par\u00eds 8, al haber ganado una de las becas del <strong>Programa de Movilidad para Profesores Universitarios 2012, de la Fundaci\u00f3n Caja Madrid<\/strong>.<\/p>\n<p style=\"text-align: left;\">M\u00e1s informaci\u00f3n: <a href=\"http:\/\/www.unesco.org\/new\/es\/culture\/themes\/cultural-diversity\/diversity-of-cultural-expressions\/meetings\/intergovernmental-committee\/\">www.unesco.org\/new\/es\/culture\/themes\/cultural-diversity\/diversity-of-cultural-expressions\/meetings\/intergovernmental-committee\/<\/a><\/p>\n","protected":false},"excerpt":{"rendered":"<p>Del 10 al 14 de Diciembre de 2012 &#8211; Sede de la UNESCO, Par\u00eds Luis A. Albornoz, Investigador Principal del I+D+i,\u00a0particip\u00f3 en la 6ta. sesi\u00f3n ordinaria del Comit\u00e9 intergubernamental (CIG) para la protecci\u00f3n y promoci\u00f3n de la diversidad cultural que tuvo lugar en Par\u00eds. La sexta reuni\u00f3n del CIG focaliz\u00f3 su atenci\u00f3n en el Fondo &hellip; <a href=\"https:\/\/diversidadaudiovisual.org\/nuevaweb\/vi-sesion-del-cig-unesco\/\" class=\"more-link\">Continue reading <span class=\"screen-reader-text\">VI sesi\u00f3n ordinaria del Comit\u00e9 intergubernamental para la protecci\u00f3n y promoci\u00f3n de la diversidad cultural<\/span><\/a><\/p>\n","protected":false},"author":1,"featured_media":8501,"comment_status":"closed","ping_status":"open","sticky":false,"template":"","format":"standard","meta":{"footnotes":""},"categories":[67,154],"tags":[],"class_list":["post-595","post","type-post","status-publish","format-standard","has-post-thumbnail","hentry","category-actividades","category-actividades-anteriores"],"_links":{"self":[{"href":"https:\/\/diversidadaudiovisual.org\/nuevaweb\/wp-json\/wp\/v2\/posts\/595","targetHints":{"allow":["GET"]}}],"collection":[{"href":"https:\/\/diversidadaudiovisual.org\/nuevaweb\/wp-json\/wp\/v2\/posts"}],"about":[{"href":"https:\/\/diversidadaudiovisual.org\/nuevaweb\/wp-json\/wp\/v2\/types\/post"}],"author":[{"embeddable":true,"href":"https:\/\/diversidadaudiovisual.org\/nuevaweb\/wp-json\/wp\/v2\/users\/1"}],"replies":[{"embeddable":true,"href":"https:\/\/diversidadaudiovisual.org\/nuevaweb\/wp-json\/wp\/v2\/comments?post=595"}],"version-history":[{"count":1,"href":"https:\/\/diversidadaudiovisual.org\/nuevaweb\/wp-json\/wp\/v2\/posts\/595\/revisions"}],"predecessor-version":[{"id":8098,"href":"https:\/\/diversidadaudiovisual.org\/nuevaweb\/wp-json\/wp\/v2\/posts\/595\/revisions\/8098"}],"wp:featuredmedia":[{"embeddable":true,"href":"https:\/\/diversidadaudiovisual.org\/nuevaweb\/wp-json\/wp\/v2\/media\/8501"}],"wp:attachment":[{"href":"https:\/\/diversidadaudiovisual.org\/nuevaweb\/wp-json\/wp\/v2\/media?parent=595"}],"wp:term":[{"taxonomy":"category","embeddable":true,"href":"https:\/\/diversidadaudiovisual.org\/nuevaweb\/wp-json\/wp\/v2\/categories?post=595"},{"taxonomy":"post_tag","embeddable":true,"href":"https:\/\/diversidadaudiovisual.org\/nuevaweb\/wp-json\/wp\/v2\/tags?post=595"}],"curies":[{"name":"wp","href":"https:\/\/api.w.org\/{rel}","templated":true}]}}