{"id":6257,"date":"2021-04-22T16:10:16","date_gmt":"2021-04-22T16:10:16","guid":{"rendered":"https:\/\/diversidadaudiovisual.org\/nuevaweb\/?p=6257"},"modified":"2021-04-26T09:11:06","modified_gmt":"2021-04-26T09:11:06","slug":"entrevista-a-andre-lange","status":"publish","type":"post","link":"https:\/\/diversidadaudiovisual.org\/nuevaweb\/entrevista-a-andre-lange\/","title":{"rendered":"Andr\u00e9 Lange"},"content":{"rendered":"<p>Ex director del Observatorio Europeo del Audiovisual (1993\u20132015). Entrevista realizada por Luis A. Albornoz y Asier Aranzubia en Lieja (B\u00e9lgica), a 18 de octubre de 2018. Edici\u00f3n: I\u00f1aki Parra, Taller del Aula, UC3M<\/p>\n","protected":false},"excerpt":{"rendered":"<p>Ex director del Observatorio Europeo del Audiovisual (1993\u20132015). Entrevista realizada por Luis A. Albornoz y Asier Aranzubia en Lieja (B\u00e9lgica), a 18 de octubre de 2018. Edici\u00f3n: I\u00f1aki Parra, Taller del Aula, UC3M<\/p>\n","protected":false},"author":1,"featured_media":0,"comment_status":"closed","ping_status":"closed","sticky":false,"template":"","format":"video","meta":{"footnotes":""},"categories":[69,68],"tags":[],"class_list":["post-6257","post","type-post","status-publish","format-video","hentry","category-entrevistas","category-recursos","post_format-post-format-video"],"_links":{"self":[{"href":"https:\/\/diversidadaudiovisual.org\/nuevaweb\/wp-json\/wp\/v2\/posts\/6257","targetHints":{"allow":["GET"]}}],"collection":[{"href":"https:\/\/diversidadaudiovisual.org\/nuevaweb\/wp-json\/wp\/v2\/posts"}],"about":[{"href":"https:\/\/diversidadaudiovisual.org\/nuevaweb\/wp-json\/wp\/v2\/types\/post"}],"author":[{"embeddable":true,"href":"https:\/\/diversidadaudiovisual.org\/nuevaweb\/wp-json\/wp\/v2\/users\/1"}],"replies":[{"embeddable":true,"href":"https:\/\/diversidadaudiovisual.org\/nuevaweb\/wp-json\/wp\/v2\/comments?post=6257"}],"version-history":[{"count":2,"href":"https:\/\/diversidadaudiovisual.org\/nuevaweb\/wp-json\/wp\/v2\/posts\/6257\/revisions"}],"predecessor-version":[{"id":6281,"href":"https:\/\/diversidadaudiovisual.org\/nuevaweb\/wp-json\/wp\/v2\/posts\/6257\/revisions\/6281"}],"wp:attachment":[{"href":"https:\/\/diversidadaudiovisual.org\/nuevaweb\/wp-json\/wp\/v2\/media?parent=6257"}],"wp:term":[{"taxonomy":"category","embeddable":true,"href":"https:\/\/diversidadaudiovisual.org\/nuevaweb\/wp-json\/wp\/v2\/categories?post=6257"},{"taxonomy":"post_tag","embeddable":true,"href":"https:\/\/diversidadaudiovisual.org\/nuevaweb\/wp-json\/wp\/v2\/tags?post=6257"}],"curies":[{"name":"wp","href":"https:\/\/api.w.org\/{rel}","templated":true}]}}