{"id":6261,"date":"2021-04-22T16:20:57","date_gmt":"2021-04-22T16:20:57","guid":{"rendered":"https:\/\/diversidadaudiovisual.org\/nuevaweb\/?p=6261"},"modified":"2021-04-22T16:21:05","modified_gmt":"2021-04-22T16:21:05","slug":"entrevista-a-p-bouquillion-y-b-legendre","status":"publish","type":"post","link":"https:\/\/diversidadaudiovisual.org\/nuevaweb\/entrevista-a-p-bouquillion-y-b-legendre\/","title":{"rendered":"P. Bouquillion y B. Legendre"},"content":{"rendered":"<p>Dr. Philippe Boquillion es investigador del LabSIC (Par\u00eds 13) y del laboratorio LaBEX ICCA. Dr. Bertrand Legendre es director del LabSIC (Par\u00eds 13) y Coordinador del LabEX ICCA (Industries Culturelles &#038; Cr\u00e9ation Artistique). M\u00e1s informaci\u00f3n en: https:\/\/icca.univ-paris13.fr\/.<\/p>\n","protected":false},"excerpt":{"rendered":"<p>Dr. Philippe Boquillion es investigador del LabSIC (Par\u00eds 13) y del laboratorio LaBEX ICCA. Dr. Bertrand Legendre es director del LabSIC (Par\u00eds 13) y Coordinador del LabEX ICCA (Industries Culturelles &#038; Cr\u00e9ation Artistique). M\u00e1s informaci\u00f3n en: https:\/\/icca.univ-paris13.fr\/.<\/p>\n","protected":false},"author":1,"featured_media":0,"comment_status":"closed","ping_status":"closed","sticky":false,"template":"","format":"video","meta":{"footnotes":""},"categories":[69,68],"tags":[],"class_list":["post-6261","post","type-post","status-publish","format-video","hentry","category-entrevistas","category-recursos","post_format-post-format-video"],"_links":{"self":[{"href":"https:\/\/diversidadaudiovisual.org\/nuevaweb\/wp-json\/wp\/v2\/posts\/6261","targetHints":{"allow":["GET"]}}],"collection":[{"href":"https:\/\/diversidadaudiovisual.org\/nuevaweb\/wp-json\/wp\/v2\/posts"}],"about":[{"href":"https:\/\/diversidadaudiovisual.org\/nuevaweb\/wp-json\/wp\/v2\/types\/post"}],"author":[{"embeddable":true,"href":"https:\/\/diversidadaudiovisual.org\/nuevaweb\/wp-json\/wp\/v2\/users\/1"}],"replies":[{"embeddable":true,"href":"https:\/\/diversidadaudiovisual.org\/nuevaweb\/wp-json\/wp\/v2\/comments?post=6261"}],"version-history":[{"count":2,"href":"https:\/\/diversidadaudiovisual.org\/nuevaweb\/wp-json\/wp\/v2\/posts\/6261\/revisions"}],"predecessor-version":[{"id":6263,"href":"https:\/\/diversidadaudiovisual.org\/nuevaweb\/wp-json\/wp\/v2\/posts\/6261\/revisions\/6263"}],"wp:attachment":[{"href":"https:\/\/diversidadaudiovisual.org\/nuevaweb\/wp-json\/wp\/v2\/media?parent=6261"}],"wp:term":[{"taxonomy":"category","embeddable":true,"href":"https:\/\/diversidadaudiovisual.org\/nuevaweb\/wp-json\/wp\/v2\/categories?post=6261"},{"taxonomy":"post_tag","embeddable":true,"href":"https:\/\/diversidadaudiovisual.org\/nuevaweb\/wp-json\/wp\/v2\/tags?post=6261"}],"curies":[{"name":"wp","href":"https:\/\/api.w.org\/{rel}","templated":true}]}}