{"id":6266,"date":"2021-04-22T16:24:58","date_gmt":"2021-04-22T16:24:58","guid":{"rendered":"https:\/\/diversidadaudiovisual.org\/nuevaweb\/?p=6266"},"modified":"2021-04-22T16:25:19","modified_gmt":"2021-04-22T16:25:19","slug":"entrevista-a-michelle-rioux","status":"publish","type":"post","link":"https:\/\/diversidadaudiovisual.org\/nuevaweb\/entrevista-a-michelle-rioux\/","title":{"rendered":"Michelle Rioux"},"content":{"rendered":"<p>Dra. Michelle Rioux es directora del Centre d\u2019\u00e9tudes sur l\u2019int\u00e9gration et la mondialisation (CEIM) Universidad Quebec en Montreal (UQAM). M\u00e1s informaci\u00f3n sobre Michelle Rioux en: http:\/\/www.ieim.uqam.ca\/spip.php?page=auteur-ceim&#038;id_auteur=53&#038;lang=fr<\/p>\n","protected":false},"excerpt":{"rendered":"<p>Dra. Michelle Rioux es directora del Centre d\u2019\u00e9tudes sur l\u2019int\u00e9gration et la mondialisation (CEIM) Universidad Quebec en Montreal (UQAM). M\u00e1s informaci\u00f3n sobre Michelle Rioux en: http:\/\/www.ieim.uqam.ca\/spip.php?page=auteur-ceim&#038;id_auteur=53&#038;lang=fr<\/p>\n","protected":false},"author":1,"featured_media":0,"comment_status":"closed","ping_status":"closed","sticky":false,"template":"","format":"video","meta":{"footnotes":""},"categories":[69,68],"tags":[],"class_list":["post-6266","post","type-post","status-publish","format-video","hentry","category-entrevistas","category-recursos","post_format-post-format-video"],"_links":{"self":[{"href":"https:\/\/diversidadaudiovisual.org\/nuevaweb\/wp-json\/wp\/v2\/posts\/6266","targetHints":{"allow":["GET"]}}],"collection":[{"href":"https:\/\/diversidadaudiovisual.org\/nuevaweb\/wp-json\/wp\/v2\/posts"}],"about":[{"href":"https:\/\/diversidadaudiovisual.org\/nuevaweb\/wp-json\/wp\/v2\/types\/post"}],"author":[{"embeddable":true,"href":"https:\/\/diversidadaudiovisual.org\/nuevaweb\/wp-json\/wp\/v2\/users\/1"}],"replies":[{"embeddable":true,"href":"https:\/\/diversidadaudiovisual.org\/nuevaweb\/wp-json\/wp\/v2\/comments?post=6266"}],"version-history":[{"count":2,"href":"https:\/\/diversidadaudiovisual.org\/nuevaweb\/wp-json\/wp\/v2\/posts\/6266\/revisions"}],"predecessor-version":[{"id":6268,"href":"https:\/\/diversidadaudiovisual.org\/nuevaweb\/wp-json\/wp\/v2\/posts\/6266\/revisions\/6268"}],"wp:attachment":[{"href":"https:\/\/diversidadaudiovisual.org\/nuevaweb\/wp-json\/wp\/v2\/media?parent=6266"}],"wp:term":[{"taxonomy":"category","embeddable":true,"href":"https:\/\/diversidadaudiovisual.org\/nuevaweb\/wp-json\/wp\/v2\/categories?post=6266"},{"taxonomy":"post_tag","embeddable":true,"href":"https:\/\/diversidadaudiovisual.org\/nuevaweb\/wp-json\/wp\/v2\/tags?post=6266"}],"curies":[{"name":"wp","href":"https:\/\/api.w.org\/{rel}","templated":true}]}}