{"id":6303,"date":"2021-04-27T10:10:56","date_gmt":"2021-04-27T10:10:56","guid":{"rendered":"https:\/\/diversidadaudiovisual.org\/nuevaweb\/?p=6303"},"modified":"2021-04-27T10:11:04","modified_gmt":"2021-04-27T10:11:04","slug":"entrevista-a-charles-vallerand","status":"publish","type":"post","link":"https:\/\/diversidadaudiovisual.org\/nuevaweb\/entrevista-a-charles-vallerand\/","title":{"rendered":"Charles Vallerand"},"content":{"rendered":"<p>Charles Vallerand es Secretario General del FICDC (Federaci\u00f3n Internacional de las Coaliciones para la Diversidad Cultural). M\u00e1s informaci\u00f3n sobre Charles Vallerand en: http:\/\/es.unesco.org\/creativity\/sites\/creativity\/files\/cv_vallerand.pdf<\/p>\n","protected":false},"excerpt":{"rendered":"<p>Charles Vallerand es Secretario General del FICDC (Federaci\u00f3n Internacional de las Coaliciones para la Diversidad Cultural). M\u00e1s informaci\u00f3n sobre Charles Vallerand en: http:\/\/es.unesco.org\/creativity\/sites\/creativity\/files\/cv_vallerand.pdf<\/p>\n","protected":false},"author":1,"featured_media":0,"comment_status":"closed","ping_status":"closed","sticky":false,"template":"","format":"video","meta":{"footnotes":""},"categories":[69,68],"tags":[],"class_list":["post-6303","post","type-post","status-publish","format-video","hentry","category-entrevistas","category-recursos","post_format-post-format-video"],"_links":{"self":[{"href":"https:\/\/diversidadaudiovisual.org\/nuevaweb\/wp-json\/wp\/v2\/posts\/6303","targetHints":{"allow":["GET"]}}],"collection":[{"href":"https:\/\/diversidadaudiovisual.org\/nuevaweb\/wp-json\/wp\/v2\/posts"}],"about":[{"href":"https:\/\/diversidadaudiovisual.org\/nuevaweb\/wp-json\/wp\/v2\/types\/post"}],"author":[{"embeddable":true,"href":"https:\/\/diversidadaudiovisual.org\/nuevaweb\/wp-json\/wp\/v2\/users\/1"}],"replies":[{"embeddable":true,"href":"https:\/\/diversidadaudiovisual.org\/nuevaweb\/wp-json\/wp\/v2\/comments?post=6303"}],"version-history":[{"count":2,"href":"https:\/\/diversidadaudiovisual.org\/nuevaweb\/wp-json\/wp\/v2\/posts\/6303\/revisions"}],"predecessor-version":[{"id":6305,"href":"https:\/\/diversidadaudiovisual.org\/nuevaweb\/wp-json\/wp\/v2\/posts\/6303\/revisions\/6305"}],"wp:attachment":[{"href":"https:\/\/diversidadaudiovisual.org\/nuevaweb\/wp-json\/wp\/v2\/media?parent=6303"}],"wp:term":[{"taxonomy":"category","embeddable":true,"href":"https:\/\/diversidadaudiovisual.org\/nuevaweb\/wp-json\/wp\/v2\/categories?post=6303"},{"taxonomy":"post_tag","embeddable":true,"href":"https:\/\/diversidadaudiovisual.org\/nuevaweb\/wp-json\/wp\/v2\/tags?post=6303"}],"curies":[{"name":"wp","href":"https:\/\/api.w.org\/{rel}","templated":true}]}}