{"id":6309,"date":"2021-04-27T10:14:31","date_gmt":"2021-04-27T10:14:31","guid":{"rendered":"https:\/\/diversidadaudiovisual.org\/nuevaweb\/?p=6309"},"modified":"2021-04-27T10:14:39","modified_gmt":"2021-04-27T10:14:39","slug":"entrevista-a-richard-sutherland","status":"publish","type":"post","link":"https:\/\/diversidadaudiovisual.org\/nuevaweb\/entrevista-a-richard-sutherland\/","title":{"rendered":"Richard Sutherland"},"content":{"rendered":"<div class=\"popup-wrapper_2 popup-wrapper\">\n<div class=\"right-block\">\n<div class=\"description\">Richard Sutherland es profesor asistente en la Mount Royal University (Calgary, Canad\u00e1). M\u00e1s informaci\u00f3n sobre Richard Sutherland en: http:\/\/www.mtroyal.ca\/ProgramsCourses\/FacultiesSchoolsCentres\/Arts\/Departments\/EconomicsJusticePolicyStudies\/Faculty\/dep_post_facul_rsutherland.htm<\/div>\n<div><\/div>\n<\/div>\n<div><\/div>\n<\/div>\n","protected":false},"excerpt":{"rendered":"<p>Richard Sutherland es profesor asistente en la Mount Royal University (Calgary, Canad\u00e1). M\u00e1s informaci\u00f3n sobre Richard Sutherland en: http:\/\/www.mtroyal.ca\/ProgramsCourses\/FacultiesSchoolsCentres\/Arts\/Departments\/EconomicsJusticePolicyStudies\/Faculty\/dep_post_facul_rsutherland.htm<\/p>\n","protected":false},"author":1,"featured_media":0,"comment_status":"closed","ping_status":"closed","sticky":false,"template":"","format":"video","meta":{"footnotes":""},"categories":[69,68],"tags":[],"class_list":["post-6309","post","type-post","status-publish","format-video","hentry","category-entrevistas","category-recursos","post_format-post-format-video"],"_links":{"self":[{"href":"https:\/\/diversidadaudiovisual.org\/nuevaweb\/wp-json\/wp\/v2\/posts\/6309","targetHints":{"allow":["GET"]}}],"collection":[{"href":"https:\/\/diversidadaudiovisual.org\/nuevaweb\/wp-json\/wp\/v2\/posts"}],"about":[{"href":"https:\/\/diversidadaudiovisual.org\/nuevaweb\/wp-json\/wp\/v2\/types\/post"}],"author":[{"embeddable":true,"href":"https:\/\/diversidadaudiovisual.org\/nuevaweb\/wp-json\/wp\/v2\/users\/1"}],"replies":[{"embeddable":true,"href":"https:\/\/diversidadaudiovisual.org\/nuevaweb\/wp-json\/wp\/v2\/comments?post=6309"}],"version-history":[{"count":2,"href":"https:\/\/diversidadaudiovisual.org\/nuevaweb\/wp-json\/wp\/v2\/posts\/6309\/revisions"}],"predecessor-version":[{"id":6311,"href":"https:\/\/diversidadaudiovisual.org\/nuevaweb\/wp-json\/wp\/v2\/posts\/6309\/revisions\/6311"}],"wp:attachment":[{"href":"https:\/\/diversidadaudiovisual.org\/nuevaweb\/wp-json\/wp\/v2\/media?parent=6309"}],"wp:term":[{"taxonomy":"category","embeddable":true,"href":"https:\/\/diversidadaudiovisual.org\/nuevaweb\/wp-json\/wp\/v2\/categories?post=6309"},{"taxonomy":"post_tag","embeddable":true,"href":"https:\/\/diversidadaudiovisual.org\/nuevaweb\/wp-json\/wp\/v2\/tags?post=6309"}],"curies":[{"name":"wp","href":"https:\/\/api.w.org\/{rel}","templated":true}]}}