{"id":6312,"date":"2021-04-27T10:16:26","date_gmt":"2021-04-27T10:16:26","guid":{"rendered":"https:\/\/diversidadaudiovisual.org\/nuevaweb\/?p=6312"},"modified":"2021-04-27T10:17:27","modified_gmt":"2021-04-27T10:17:27","slug":"entrevista-a-emili-prado","status":"publish","type":"post","link":"https:\/\/diversidadaudiovisual.org\/nuevaweb\/entrevista-a-emili-prado\/","title":{"rendered":"Emili Prado"},"content":{"rendered":"<p>Emilio Prado es catedr\u00e1tico de Comunicaci\u00f3n Audiovisual de la Universidad Aut\u00f3noma de Barcelona. M\u00e1s informaci\u00f3n sobre Emili Prado en: http:\/\/griss.org\/team_member\/emili-prado-pico-2\/<\/p>\n","protected":false},"excerpt":{"rendered":"<p>Emilio Prado es catedr\u00e1tico de Comunicaci\u00f3n Audiovisual de la Universidad Aut\u00f3noma de Barcelona. M\u00e1s informaci\u00f3n sobre Emili Prado en: http:\/\/griss.org\/team_member\/emili-prado-pico-2\/<\/p>\n","protected":false},"author":1,"featured_media":0,"comment_status":"closed","ping_status":"closed","sticky":false,"template":"","format":"video","meta":{"footnotes":""},"categories":[69,68],"tags":[],"class_list":["post-6312","post","type-post","status-publish","format-video","hentry","category-entrevistas","category-recursos","post_format-post-format-video"],"_links":{"self":[{"href":"https:\/\/diversidadaudiovisual.org\/nuevaweb\/wp-json\/wp\/v2\/posts\/6312","targetHints":{"allow":["GET"]}}],"collection":[{"href":"https:\/\/diversidadaudiovisual.org\/nuevaweb\/wp-json\/wp\/v2\/posts"}],"about":[{"href":"https:\/\/diversidadaudiovisual.org\/nuevaweb\/wp-json\/wp\/v2\/types\/post"}],"author":[{"embeddable":true,"href":"https:\/\/diversidadaudiovisual.org\/nuevaweb\/wp-json\/wp\/v2\/users\/1"}],"replies":[{"embeddable":true,"href":"https:\/\/diversidadaudiovisual.org\/nuevaweb\/wp-json\/wp\/v2\/comments?post=6312"}],"version-history":[{"count":2,"href":"https:\/\/diversidadaudiovisual.org\/nuevaweb\/wp-json\/wp\/v2\/posts\/6312\/revisions"}],"predecessor-version":[{"id":6314,"href":"https:\/\/diversidadaudiovisual.org\/nuevaweb\/wp-json\/wp\/v2\/posts\/6312\/revisions\/6314"}],"wp:attachment":[{"href":"https:\/\/diversidadaudiovisual.org\/nuevaweb\/wp-json\/wp\/v2\/media?parent=6312"}],"wp:term":[{"taxonomy":"category","embeddable":true,"href":"https:\/\/diversidadaudiovisual.org\/nuevaweb\/wp-json\/wp\/v2\/categories?post=6312"},{"taxonomy":"post_tag","embeddable":true,"href":"https:\/\/diversidadaudiovisual.org\/nuevaweb\/wp-json\/wp\/v2\/tags?post=6312"}],"curies":[{"name":"wp","href":"https:\/\/api.w.org\/{rel}","templated":true}]}}