{"id":6318,"date":"2021-04-27T10:29:30","date_gmt":"2021-04-27T10:29:30","guid":{"rendered":"https:\/\/diversidadaudiovisual.org\/nuevaweb\/?p=6318"},"modified":"2021-04-27T10:30:20","modified_gmt":"2021-04-27T10:30:20","slug":"entrevista-a-g-carbo-y-m-tresserras","status":"publish","type":"post","link":"https:\/\/diversidadaudiovisual.org\/nuevaweb\/entrevista-a-g-carbo-y-m-tresserras\/","title":{"rendered":"G. Carb\u00f3 y M. Tresserras"},"content":{"rendered":"<p>Gemma Carb\u00f3 Ribugent y Mireia Tresserras Fluvi\u00e0 son profesoras de la Universitat de Girona y forman parte de la de la C\u00e1tedra UNESCO de Pol\u00edticas Culturales y Cooperaci\u00f3n .<\/p>\n","protected":false},"excerpt":{"rendered":"<p>Gemma Carb\u00f3 Ribugent y Mireia Tresserras Fluvi\u00e0 son profesoras de la Universitat de Girona y forman parte de la de la C\u00e1tedra UNESCO de Pol\u00edticas Culturales y Cooperaci\u00f3n .<\/p>\n","protected":false},"author":1,"featured_media":0,"comment_status":"closed","ping_status":"closed","sticky":false,"template":"","format":"video","meta":{"footnotes":""},"categories":[69,68],"tags":[],"class_list":["post-6318","post","type-post","status-publish","format-video","hentry","category-entrevistas","category-recursos","post_format-post-format-video"],"_links":{"self":[{"href":"https:\/\/diversidadaudiovisual.org\/nuevaweb\/wp-json\/wp\/v2\/posts\/6318","targetHints":{"allow":["GET"]}}],"collection":[{"href":"https:\/\/diversidadaudiovisual.org\/nuevaweb\/wp-json\/wp\/v2\/posts"}],"about":[{"href":"https:\/\/diversidadaudiovisual.org\/nuevaweb\/wp-json\/wp\/v2\/types\/post"}],"author":[{"embeddable":true,"href":"https:\/\/diversidadaudiovisual.org\/nuevaweb\/wp-json\/wp\/v2\/users\/1"}],"replies":[{"embeddable":true,"href":"https:\/\/diversidadaudiovisual.org\/nuevaweb\/wp-json\/wp\/v2\/comments?post=6318"}],"version-history":[{"count":2,"href":"https:\/\/diversidadaudiovisual.org\/nuevaweb\/wp-json\/wp\/v2\/posts\/6318\/revisions"}],"predecessor-version":[{"id":6320,"href":"https:\/\/diversidadaudiovisual.org\/nuevaweb\/wp-json\/wp\/v2\/posts\/6318\/revisions\/6320"}],"wp:attachment":[{"href":"https:\/\/diversidadaudiovisual.org\/nuevaweb\/wp-json\/wp\/v2\/media?parent=6318"}],"wp:term":[{"taxonomy":"category","embeddable":true,"href":"https:\/\/diversidadaudiovisual.org\/nuevaweb\/wp-json\/wp\/v2\/categories?post=6318"},{"taxonomy":"post_tag","embeddable":true,"href":"https:\/\/diversidadaudiovisual.org\/nuevaweb\/wp-json\/wp\/v2\/tags?post=6318"}],"curies":[{"name":"wp","href":"https:\/\/api.w.org\/{rel}","templated":true}]}}