{"id":6324,"date":"2021-04-27T10:33:19","date_gmt":"2021-04-27T10:33:19","guid":{"rendered":"https:\/\/diversidadaudiovisual.org\/nuevaweb\/?p=6324"},"modified":"2021-04-27T10:33:56","modified_gmt":"2021-04-27T10:33:56","slug":"entrevista-a-giselle-dupin","status":"publish","type":"post","link":"https:\/\/diversidadaudiovisual.org\/nuevaweb\/entrevista-a-giselle-dupin\/","title":{"rendered":"Giselle Dupin"},"content":{"rendered":"<p>Giselle Dupin es asesora de la &#8216;Secretaria da Identidade e da Diversidade Cultural&#8217;, Ministerio de Cultura, Brasil y representante del Gobierno brasile\u00f1o ante la UNESCO. M\u00e1s informaci\u00f3n sobre Giselle Dupin en: http:\/\/es.unesco.org\/creativity\/files\/giselle-dupin-cv<\/p>\n","protected":false},"excerpt":{"rendered":"<p>Giselle Dupin es asesora de la &#8216;Secretaria da Identidade e da Diversidade Cultural&#8217;, Ministerio de Cultura, Brasil y representante del Gobierno brasile\u00f1o ante la UNESCO. M\u00e1s informaci\u00f3n sobre Giselle Dupin en: http:\/\/es.unesco.org\/creativity\/files\/giselle-dupin-cv<\/p>\n","protected":false},"author":1,"featured_media":0,"comment_status":"closed","ping_status":"closed","sticky":false,"template":"","format":"video","meta":{"footnotes":""},"categories":[69,68],"tags":[],"class_list":["post-6324","post","type-post","status-publish","format-video","hentry","category-entrevistas","category-recursos","post_format-post-format-video"],"_links":{"self":[{"href":"https:\/\/diversidadaudiovisual.org\/nuevaweb\/wp-json\/wp\/v2\/posts\/6324","targetHints":{"allow":["GET"]}}],"collection":[{"href":"https:\/\/diversidadaudiovisual.org\/nuevaweb\/wp-json\/wp\/v2\/posts"}],"about":[{"href":"https:\/\/diversidadaudiovisual.org\/nuevaweb\/wp-json\/wp\/v2\/types\/post"}],"author":[{"embeddable":true,"href":"https:\/\/diversidadaudiovisual.org\/nuevaweb\/wp-json\/wp\/v2\/users\/1"}],"replies":[{"embeddable":true,"href":"https:\/\/diversidadaudiovisual.org\/nuevaweb\/wp-json\/wp\/v2\/comments?post=6324"}],"version-history":[{"count":2,"href":"https:\/\/diversidadaudiovisual.org\/nuevaweb\/wp-json\/wp\/v2\/posts\/6324\/revisions"}],"predecessor-version":[{"id":6326,"href":"https:\/\/diversidadaudiovisual.org\/nuevaweb\/wp-json\/wp\/v2\/posts\/6324\/revisions\/6326"}],"wp:attachment":[{"href":"https:\/\/diversidadaudiovisual.org\/nuevaweb\/wp-json\/wp\/v2\/media?parent=6324"}],"wp:term":[{"taxonomy":"category","embeddable":true,"href":"https:\/\/diversidadaudiovisual.org\/nuevaweb\/wp-json\/wp\/v2\/categories?post=6324"},{"taxonomy":"post_tag","embeddable":true,"href":"https:\/\/diversidadaudiovisual.org\/nuevaweb\/wp-json\/wp\/v2\/tags?post=6324"}],"curies":[{"name":"wp","href":"https:\/\/api.w.org\/{rel}","templated":true}]}}