{"id":6327,"date":"2021-04-27T10:35:46","date_gmt":"2021-04-27T10:35:46","guid":{"rendered":"https:\/\/diversidadaudiovisual.org\/nuevaweb\/?p=6327"},"modified":"2021-04-27T10:35:56","modified_gmt":"2021-04-27T10:35:56","slug":"entrevista-a-jose-marcio-barros","status":"publish","type":"post","link":"https:\/\/diversidadaudiovisual.org\/nuevaweb\/entrevista-a-jose-marcio-barros\/","title":{"rendered":"Jos\u00e9 M\u00e1rcio Barros"},"content":{"rendered":"<p>Jos\u00e9 M\u00e1rcio Barros es Director del &#8216;Observat\u00f3rio da Diversidade Cultural&#8217; (Belo Horizonte, Brasil) y profesor de la Pontif\u00edcia Universidade Cat\u00f3lica de Minas Gerais (PUC Minas, Brasil). M\u00e1s informaci\u00f3n sobre Jos\u00e9 M\u00e1rcio Barros en: http:\/\/observatoriodadiversidade.org.br\/site\/jose-marcio-barros\/<\/p>\n","protected":false},"excerpt":{"rendered":"<p>Jos\u00e9 M\u00e1rcio Barros es Director del &#8216;Observat\u00f3rio da Diversidade Cultural&#8217; (Belo Horizonte, Brasil) y profesor de la Pontif\u00edcia Universidade Cat\u00f3lica de Minas Gerais (PUC Minas, Brasil). M\u00e1s informaci\u00f3n sobre Jos\u00e9 M\u00e1rcio Barros en: http:\/\/observatoriodadiversidade.org.br\/site\/jose-marcio-barros\/<\/p>\n","protected":false},"author":1,"featured_media":0,"comment_status":"closed","ping_status":"closed","sticky":false,"template":"","format":"video","meta":{"footnotes":""},"categories":[69,68],"tags":[],"class_list":["post-6327","post","type-post","status-publish","format-video","hentry","category-entrevistas","category-recursos","post_format-post-format-video"],"_links":{"self":[{"href":"https:\/\/diversidadaudiovisual.org\/nuevaweb\/wp-json\/wp\/v2\/posts\/6327","targetHints":{"allow":["GET"]}}],"collection":[{"href":"https:\/\/diversidadaudiovisual.org\/nuevaweb\/wp-json\/wp\/v2\/posts"}],"about":[{"href":"https:\/\/diversidadaudiovisual.org\/nuevaweb\/wp-json\/wp\/v2\/types\/post"}],"author":[{"embeddable":true,"href":"https:\/\/diversidadaudiovisual.org\/nuevaweb\/wp-json\/wp\/v2\/users\/1"}],"replies":[{"embeddable":true,"href":"https:\/\/diversidadaudiovisual.org\/nuevaweb\/wp-json\/wp\/v2\/comments?post=6327"}],"version-history":[{"count":2,"href":"https:\/\/diversidadaudiovisual.org\/nuevaweb\/wp-json\/wp\/v2\/posts\/6327\/revisions"}],"predecessor-version":[{"id":6329,"href":"https:\/\/diversidadaudiovisual.org\/nuevaweb\/wp-json\/wp\/v2\/posts\/6327\/revisions\/6329"}],"wp:attachment":[{"href":"https:\/\/diversidadaudiovisual.org\/nuevaweb\/wp-json\/wp\/v2\/media?parent=6327"}],"wp:term":[{"taxonomy":"category","embeddable":true,"href":"https:\/\/diversidadaudiovisual.org\/nuevaweb\/wp-json\/wp\/v2\/categories?post=6327"},{"taxonomy":"post_tag","embeddable":true,"href":"https:\/\/diversidadaudiovisual.org\/nuevaweb\/wp-json\/wp\/v2\/tags?post=6327"}],"curies":[{"name":"wp","href":"https:\/\/api.w.org\/{rel}","templated":true}]}}