{"id":6333,"date":"2021-04-27T10:39:14","date_gmt":"2021-04-27T10:39:14","guid":{"rendered":"https:\/\/diversidadaudiovisual.org\/nuevaweb\/?p=6333"},"modified":"2021-04-27T10:40:38","modified_gmt":"2021-04-27T10:40:38","slug":"entrevista-a-george-yudice","status":"publish","type":"post","link":"https:\/\/diversidadaudiovisual.org\/nuevaweb\/entrevista-a-george-yudice\/","title":{"rendered":"George Y\u00fadice"},"content":{"rendered":"<div class=\"description\">George Y\u00fadice es Profesor de &#8216;Latin American Studies&#8217; del College of Arts and Sciences, Universidad de Miami (EE.UU). M\u00e1s informaci\u00f3n sobre George Y\u00fadice en: http:\/\/www.as.miami.edu\/mll\/people\/faculty\/yudice-george&#8211;\/<\/div>\n","protected":false},"excerpt":{"rendered":"<p>George Y\u00fadice es Profesor de &#8216;Latin American Studies&#8217; del College of Arts and Sciences, Universidad de Miami (EE.UU). M\u00e1s informaci\u00f3n sobre George Y\u00fadice en: http:\/\/www.as.miami.edu\/mll\/people\/faculty\/yudice-george&#8211;\/<\/p>\n","protected":false},"author":1,"featured_media":0,"comment_status":"closed","ping_status":"closed","sticky":false,"template":"","format":"video","meta":{"footnotes":""},"categories":[69,68],"tags":[],"class_list":["post-6333","post","type-post","status-publish","format-video","hentry","category-entrevistas","category-recursos","post_format-post-format-video"],"_links":{"self":[{"href":"https:\/\/diversidadaudiovisual.org\/nuevaweb\/wp-json\/wp\/v2\/posts\/6333","targetHints":{"allow":["GET"]}}],"collection":[{"href":"https:\/\/diversidadaudiovisual.org\/nuevaweb\/wp-json\/wp\/v2\/posts"}],"about":[{"href":"https:\/\/diversidadaudiovisual.org\/nuevaweb\/wp-json\/wp\/v2\/types\/post"}],"author":[{"embeddable":true,"href":"https:\/\/diversidadaudiovisual.org\/nuevaweb\/wp-json\/wp\/v2\/users\/1"}],"replies":[{"embeddable":true,"href":"https:\/\/diversidadaudiovisual.org\/nuevaweb\/wp-json\/wp\/v2\/comments?post=6333"}],"version-history":[{"count":2,"href":"https:\/\/diversidadaudiovisual.org\/nuevaweb\/wp-json\/wp\/v2\/posts\/6333\/revisions"}],"predecessor-version":[{"id":6335,"href":"https:\/\/diversidadaudiovisual.org\/nuevaweb\/wp-json\/wp\/v2\/posts\/6333\/revisions\/6335"}],"wp:attachment":[{"href":"https:\/\/diversidadaudiovisual.org\/nuevaweb\/wp-json\/wp\/v2\/media?parent=6333"}],"wp:term":[{"taxonomy":"category","embeddable":true,"href":"https:\/\/diversidadaudiovisual.org\/nuevaweb\/wp-json\/wp\/v2\/categories?post=6333"},{"taxonomy":"post_tag","embeddable":true,"href":"https:\/\/diversidadaudiovisual.org\/nuevaweb\/wp-json\/wp\/v2\/tags?post=6333"}],"curies":[{"name":"wp","href":"https:\/\/api.w.org\/{rel}","templated":true}]}}