{"id":6348,"date":"2021-04-27T10:49:22","date_gmt":"2021-04-27T10:49:22","guid":{"rendered":"https:\/\/diversidadaudiovisual.org\/nuevaweb\/?p=6348"},"modified":"2021-04-27T10:49:30","modified_gmt":"2021-04-27T10:49:30","slug":"entrevista-a-antonios-vlassis","status":"publish","type":"post","link":"https:\/\/diversidadaudiovisual.org\/nuevaweb\/entrevista-a-antonios-vlassis\/","title":{"rendered":"Antonios Vlassis"},"content":{"rendered":"<div class=\"popup-wrapper_2 popup-wrapper\">\n<div class=\"right-block\">\n<div class=\"description\">Antonios Vlassis es profesor de Universit\u00e9 du Qu\u00e9bec \u00e0 Montr\u00e9al (Canad\u00e1) y la Universit\u00e9 libre de Bruxelles (B\u00e9lgica). M\u00e1s informaci\u00f3n sobre Antonios Vlassis en: http:\/\/www.ieim.uqam.ca\/spip.php?page=auteur-ceim&amp;id_auteur=702&amp;lang=fr<\/div>\n<div><\/div>\n<\/div>\n<div><\/div>\n<\/div>\n","protected":false},"excerpt":{"rendered":"<p>Antonios Vlassis es profesor de Universit\u00e9 du Qu\u00e9bec \u00e0 Montr\u00e9al (Canad\u00e1) y la Universit\u00e9 libre de Bruxelles (B\u00e9lgica). M\u00e1s informaci\u00f3n sobre Antonios Vlassis en: http:\/\/www.ieim.uqam.ca\/spip.php?page=auteur-ceim&amp;id_auteur=702&amp;lang=fr<\/p>\n","protected":false},"author":1,"featured_media":0,"comment_status":"closed","ping_status":"closed","sticky":false,"template":"","format":"video","meta":{"footnotes":""},"categories":[69,68],"tags":[],"class_list":["post-6348","post","type-post","status-publish","format-video","hentry","category-entrevistas","category-recursos","post_format-post-format-video"],"_links":{"self":[{"href":"https:\/\/diversidadaudiovisual.org\/nuevaweb\/wp-json\/wp\/v2\/posts\/6348","targetHints":{"allow":["GET"]}}],"collection":[{"href":"https:\/\/diversidadaudiovisual.org\/nuevaweb\/wp-json\/wp\/v2\/posts"}],"about":[{"href":"https:\/\/diversidadaudiovisual.org\/nuevaweb\/wp-json\/wp\/v2\/types\/post"}],"author":[{"embeddable":true,"href":"https:\/\/diversidadaudiovisual.org\/nuevaweb\/wp-json\/wp\/v2\/users\/1"}],"replies":[{"embeddable":true,"href":"https:\/\/diversidadaudiovisual.org\/nuevaweb\/wp-json\/wp\/v2\/comments?post=6348"}],"version-history":[{"count":2,"href":"https:\/\/diversidadaudiovisual.org\/nuevaweb\/wp-json\/wp\/v2\/posts\/6348\/revisions"}],"predecessor-version":[{"id":6350,"href":"https:\/\/diversidadaudiovisual.org\/nuevaweb\/wp-json\/wp\/v2\/posts\/6348\/revisions\/6350"}],"wp:attachment":[{"href":"https:\/\/diversidadaudiovisual.org\/nuevaweb\/wp-json\/wp\/v2\/media?parent=6348"}],"wp:term":[{"taxonomy":"category","embeddable":true,"href":"https:\/\/diversidadaudiovisual.org\/nuevaweb\/wp-json\/wp\/v2\/categories?post=6348"},{"taxonomy":"post_tag","embeddable":true,"href":"https:\/\/diversidadaudiovisual.org\/nuevaweb\/wp-json\/wp\/v2\/tags?post=6348"}],"curies":[{"name":"wp","href":"https:\/\/api.w.org\/{rel}","templated":true}]}}