{"id":676,"date":"2013-02-15T15:53:44","date_gmt":"2013-02-15T15:53:44","guid":{"rendered":"http:\/\/diversidadaudiovisual.org\/?p=676"},"modified":"2021-04-26T09:09:32","modified_gmt":"2021-04-26T09:09:32","slug":"entrevista-a-jacques-guyot","status":"publish","type":"post","link":"https:\/\/diversidadaudiovisual.org\/nuevaweb\/entrevista-a-jacques-guyot\/","title":{"rendered":"Jacques Guyot"},"content":{"rendered":"<p>Entrevista a Jacques Guyot. Profesor de la Facultad de Cultura y Comunicaci\u00f3n Universidad de Par\u00eds 8 &#8211; Vincennes. Director del Cemti (Centre d&#8217;\u00e9tudes sur les m\u00e9dias, les technologies &amp; l&#8217;internasionalisation). Entrevista realizada el 20\/12\/2012 en Saint Denis (Francia). M\u00e1s informaci\u00f3n sobre Jacques Guyot en <a href=\"http:\/\/www2.univ-paris8.fr\/cemti\/spip.php?article8\" target=\"_blank\" rel=\"noopener\">Universit\u00e9 Paris 8<\/a> .<\/p>\n","protected":false},"excerpt":{"rendered":"<p>Entrevista a Jacques Guyot. Profesor de la Facultad de Cultura y Comunicaci\u00f3n Universidad de Par\u00eds 8 &#8211; Vincennes. Director del Cemti (Centre d&#8217;\u00e9tudes sur les m\u00e9dias, les technologies &amp; l&#8217;internasionalisation). Entrevista realizada el 20\/12\/2012 en Saint Denis (Francia). M\u00e1s informaci\u00f3n sobre Jacques Guyot en Universit\u00e9 Paris 8 .<\/p>\n","protected":false},"author":1,"featured_media":5930,"comment_status":"closed","ping_status":"open","sticky":false,"template":"","format":"video","meta":{"footnotes":""},"categories":[69],"tags":[],"class_list":["post-676","post","type-post","status-publish","format-video","has-post-thumbnail","hentry","category-entrevistas","post_format-post-format-video"],"_links":{"self":[{"href":"https:\/\/diversidadaudiovisual.org\/nuevaweb\/wp-json\/wp\/v2\/posts\/676","targetHints":{"allow":["GET"]}}],"collection":[{"href":"https:\/\/diversidadaudiovisual.org\/nuevaweb\/wp-json\/wp\/v2\/posts"}],"about":[{"href":"https:\/\/diversidadaudiovisual.org\/nuevaweb\/wp-json\/wp\/v2\/types\/post"}],"author":[{"embeddable":true,"href":"https:\/\/diversidadaudiovisual.org\/nuevaweb\/wp-json\/wp\/v2\/users\/1"}],"replies":[{"embeddable":true,"href":"https:\/\/diversidadaudiovisual.org\/nuevaweb\/wp-json\/wp\/v2\/comments?post=676"}],"version-history":[{"count":4,"href":"https:\/\/diversidadaudiovisual.org\/nuevaweb\/wp-json\/wp\/v2\/posts\/676\/revisions"}],"predecessor-version":[{"id":6279,"href":"https:\/\/diversidadaudiovisual.org\/nuevaweb\/wp-json\/wp\/v2\/posts\/676\/revisions\/6279"}],"wp:featuredmedia":[{"embeddable":true,"href":"https:\/\/diversidadaudiovisual.org\/nuevaweb\/wp-json\/wp\/v2\/media\/5930"}],"wp:attachment":[{"href":"https:\/\/diversidadaudiovisual.org\/nuevaweb\/wp-json\/wp\/v2\/media?parent=676"}],"wp:term":[{"taxonomy":"category","embeddable":true,"href":"https:\/\/diversidadaudiovisual.org\/nuevaweb\/wp-json\/wp\/v2\/categories?post=676"},{"taxonomy":"post_tag","embeddable":true,"href":"https:\/\/diversidadaudiovisual.org\/nuevaweb\/wp-json\/wp\/v2\/tags?post=676"}],"curies":[{"name":"wp","href":"https:\/\/api.w.org\/{rel}","templated":true}]}}