{"id":708,"date":"2013-02-26T11:01:26","date_gmt":"2013-02-26T11:01:26","guid":{"rendered":"http:\/\/diversidadaudiovisual.org\/?p=708"},"modified":"2021-04-26T09:15:56","modified_gmt":"2021-04-26T09:15:56","slug":"entrevista-a-tristan-mattelart","status":"publish","type":"post","link":"https:\/\/diversidadaudiovisual.org\/nuevaweb\/entrevista-a-tristan-mattelart\/","title":{"rendered":"Tristan Mattelart"},"content":{"rendered":"<p style=\"text-align: justify;\">Entrevista a Tristan Mattelart. Profesor de la Facultad de Cultura y Comunicaci\u00f3n Universidad de Par\u00eds 8 &#8211; Vincennes. Investigador del CEMTI. Entrevista realizada el 6\/12\/2012 en Par\u00eds (Francia). M\u00e1s informaci\u00f3n sobre Tristan Mattelart <a href=\"\/\/www2.univ-paris8.fr\/cemti\/spip.php?article56\" target=\"_blank\" rel=\"noopener\">aqu\u00ed<\/a>\u00a0.<\/p>\n","protected":false},"excerpt":{"rendered":"<p>Entrevista a Tristan Mattelart. Profesor de la Facultad de Cultura y Comunicaci\u00f3n Universidad de Par\u00eds 8 &#8211; Vincennes. Investigador del CEMTI. Entrevista realizada el 6\/12\/2012 en Par\u00eds (Francia). M\u00e1s informaci\u00f3n sobre Tristan Mattelart aqu\u00ed\u00a0.<\/p>\n","protected":false},"author":1,"featured_media":5912,"comment_status":"closed","ping_status":"open","sticky":false,"template":"","format":"video","meta":{"footnotes":""},"categories":[69],"tags":[],"class_list":["post-708","post","type-post","status-publish","format-video","has-post-thumbnail","hentry","category-entrevistas","post_format-post-format-video"],"_links":{"self":[{"href":"https:\/\/diversidadaudiovisual.org\/nuevaweb\/wp-json\/wp\/v2\/posts\/708","targetHints":{"allow":["GET"]}}],"collection":[{"href":"https:\/\/diversidadaudiovisual.org\/nuevaweb\/wp-json\/wp\/v2\/posts"}],"about":[{"href":"https:\/\/diversidadaudiovisual.org\/nuevaweb\/wp-json\/wp\/v2\/types\/post"}],"author":[{"embeddable":true,"href":"https:\/\/diversidadaudiovisual.org\/nuevaweb\/wp-json\/wp\/v2\/users\/1"}],"replies":[{"embeddable":true,"href":"https:\/\/diversidadaudiovisual.org\/nuevaweb\/wp-json\/wp\/v2\/comments?post=708"}],"version-history":[{"count":3,"href":"https:\/\/diversidadaudiovisual.org\/nuevaweb\/wp-json\/wp\/v2\/posts\/708\/revisions"}],"predecessor-version":[{"id":6286,"href":"https:\/\/diversidadaudiovisual.org\/nuevaweb\/wp-json\/wp\/v2\/posts\/708\/revisions\/6286"}],"wp:featuredmedia":[{"embeddable":true,"href":"https:\/\/diversidadaudiovisual.org\/nuevaweb\/wp-json\/wp\/v2\/media\/5912"}],"wp:attachment":[{"href":"https:\/\/diversidadaudiovisual.org\/nuevaweb\/wp-json\/wp\/v2\/media?parent=708"}],"wp:term":[{"taxonomy":"category","embeddable":true,"href":"https:\/\/diversidadaudiovisual.org\/nuevaweb\/wp-json\/wp\/v2\/categories?post=708"},{"taxonomy":"post_tag","embeddable":true,"href":"https:\/\/diversidadaudiovisual.org\/nuevaweb\/wp-json\/wp\/v2\/tags?post=708"}],"curies":[{"name":"wp","href":"https:\/\/api.w.org\/{rel}","templated":true}]}}