{"id":8052,"date":"2023-01-26T15:07:30","date_gmt":"2023-01-26T15:07:30","guid":{"rendered":"https:\/\/diversidadaudiovisual.org\/nuevaweb\/?p=8052"},"modified":"2023-02-10T11:46:28","modified_gmt":"2023-02-10T11:46:28","slug":"ecrea-2022-aarhus-rethink-impact","status":"publish","type":"post","link":"https:\/\/diversidadaudiovisual.org\/nuevaweb\/ecrea-2022-aarhus-rethink-impact\/","title":{"rendered":"ECREA 2022 AARHUS &#8211; \u201cRethink Impact\u201d"},"content":{"rendered":"<p>Varios miembros del proyecto\u00a0<a href=\"http:\/\/diversidadaudiovisual.org\/proyectos\/2020-2024\/\">\u00abDiversidad y servicios audiovisuales Bajo Demanda por Suscripci\u00f3n\u00bb<\/a> (PID2019-109639RB-I00), participaron en el <a href=\"https:\/\/conferences.au.dk\/ecrea2022\">9\u00ba Congreso Internacional de ECREA 2022 <\/a>que llev\u00f3 por t\u00edtulo \u00abRethink Impact\u00bb y se celebr\u00f3 en la Universidad de Aarhus (Dinamarca) entre los d\u00edas 19 y 22 de octubre de 2022.<\/p>\n<p>En este encuentro acad\u00e9mico,\u00a0<strong>Mar\u00eda Trinidad Garc\u00eda Leiva<\/strong> present\u00f3 la comunicaci\u00f3n <em>\u00abRethinking the impact of prominence on European audiovisual media policy and regulation\u00bb<\/em>. Asimismo, <strong>Juan Ignacio Gallego P\u00e9rez <\/strong>y<strong> Manuel Fernandez Sande <\/strong>defendi\u00f3 el trabajo <em>\u00abThe value of cultural products: a proposed typology of SVoD Platforms\u00bb.<\/em><\/p>\n<p>El programa completo de las actividades del Congreso se puede consultar <a href=\"https:\/\/conferences.au.dk\/ecrea2022\/programme\" target=\"_blank\" rel=\"noopener\">aqu\u00ed.<\/a><\/p>\n<p><img loading=\"lazy\" decoding=\"async\" class=\"aligncenter size-full wp-image-5575\" src=\"http:\/\/diversidadaudiovisual.org\/wp-content\/uploads\/2022\/07\/csm_Skaermbillede_2022-04-20_kl._15.24.08_20c064155b.png\" alt=\"\" width=\"103\" height=\"123\" \/><\/p>\n","protected":false},"excerpt":{"rendered":"<p>Varios miembros del proyecto\u00a0\u00abDiversidad y servicios audiovisuales Bajo Demanda por Suscripci\u00f3n\u00bb (PID2019-109639RB-I00), participaron en el 9\u00ba Congreso Internacional de ECREA 2022 que llev\u00f3 por t\u00edtulo \u00abRethink Impact\u00bb y se celebr\u00f3 en la Universidad de Aarhus (Dinamarca) entre los d\u00edas 19 y 22 de octubre de 2022. En este encuentro acad\u00e9mico,\u00a0Mar\u00eda Trinidad Garc\u00eda Leiva present\u00f3 la &hellip; <a href=\"https:\/\/diversidadaudiovisual.org\/nuevaweb\/ecrea-2022-aarhus-rethink-impact\/\" class=\"more-link\">Continue reading <span class=\"screen-reader-text\">ECREA 2022 AARHUS &#8211; \u201cRethink Impact\u201d<\/span><\/a><\/p>\n","protected":false},"author":1,"featured_media":8500,"comment_status":"open","ping_status":"open","sticky":false,"template":"","format":"standard","meta":{"footnotes":""},"categories":[67,154],"tags":[],"class_list":["post-8052","post","type-post","status-publish","format-standard","has-post-thumbnail","hentry","category-actividades","category-actividades-anteriores"],"_links":{"self":[{"href":"https:\/\/diversidadaudiovisual.org\/nuevaweb\/wp-json\/wp\/v2\/posts\/8052","targetHints":{"allow":["GET"]}}],"collection":[{"href":"https:\/\/diversidadaudiovisual.org\/nuevaweb\/wp-json\/wp\/v2\/posts"}],"about":[{"href":"https:\/\/diversidadaudiovisual.org\/nuevaweb\/wp-json\/wp\/v2\/types\/post"}],"author":[{"embeddable":true,"href":"https:\/\/diversidadaudiovisual.org\/nuevaweb\/wp-json\/wp\/v2\/users\/1"}],"replies":[{"embeddable":true,"href":"https:\/\/diversidadaudiovisual.org\/nuevaweb\/wp-json\/wp\/v2\/comments?post=8052"}],"version-history":[{"count":2,"href":"https:\/\/diversidadaudiovisual.org\/nuevaweb\/wp-json\/wp\/v2\/posts\/8052\/revisions"}],"predecessor-version":[{"id":8544,"href":"https:\/\/diversidadaudiovisual.org\/nuevaweb\/wp-json\/wp\/v2\/posts\/8052\/revisions\/8544"}],"wp:featuredmedia":[{"embeddable":true,"href":"https:\/\/diversidadaudiovisual.org\/nuevaweb\/wp-json\/wp\/v2\/media\/8500"}],"wp:attachment":[{"href":"https:\/\/diversidadaudiovisual.org\/nuevaweb\/wp-json\/wp\/v2\/media?parent=8052"}],"wp:term":[{"taxonomy":"category","embeddable":true,"href":"https:\/\/diversidadaudiovisual.org\/nuevaweb\/wp-json\/wp\/v2\/categories?post=8052"},{"taxonomy":"post_tag","embeddable":true,"href":"https:\/\/diversidadaudiovisual.org\/nuevaweb\/wp-json\/wp\/v2\/tags?post=8052"}],"curies":[{"name":"wp","href":"https:\/\/api.w.org\/{rel}","templated":true}]}}