{"id":833,"date":"2013-05-09T10:38:03","date_gmt":"2013-05-09T10:38:03","guid":{"rendered":"http:\/\/diversidadaudiovisual.org\/?p=833"},"modified":"2023-02-07T12:43:25","modified_gmt":"2023-02-07T12:43:25","slug":"principios-para-garantizar-la-diversidad-y-el-pluralismo-en-la-radiodifusion-y-los-servicios-de-comunicacion-audiovisual","status":"publish","type":"post","link":"https:\/\/diversidadaudiovisual.org\/nuevaweb\/principios-para-garantizar-la-diversidad-y-el-pluralismo-en-la-radiodifusion-y-los-servicios-de-comunicacion-audiovisual\/","title":{"rendered":"Principios para garantizar la diversidad y el pluralismo en la radiodifusi\u00f3n y los servicios de comunicaci\u00f3n audiovisual (2010)"},"content":{"rendered":"<p style=\"text-align: justify;\"><a href=\"http:\/\/diversidadaudiovisual.org\/wp-content\/uploads\/2013\/04\/logo-amarc1.jpg\"><img loading=\"lazy\" decoding=\"async\" class=\"alignleft size-full wp-image-868\" title=\"logo-amarc1\" src=\"http:\/\/diversidadaudiovisual.org\/wp-content\/uploads\/2013\/04\/logo-amarc1.jpg\" alt=\"\" width=\"269\" height=\"293\" \/><\/a>Este documento publicado en 2010 por el Programa de Legislaciones y derecho a la comunicaci\u00f3n\u00a0 de la Asociaci\u00f3n Mundial de Radio Comunitarias &#8211; Am\u00e9rica Latina y Caribe (AMARC-ALC) expone cuarenta principios basados en jurisprudencia comparada con el fin de establecer pautas para la radiodifusi\u00f3n p\u00fablica, comercial y comunitaria.\u00a0 El trabajo, realizado por por Aleida Calleja, Carolina Aguerre, Dami\u00e1n Loreti, Gustavo G\u00f3mez y Walter Sena,\u00a0 pretende ser una gu\u00eda para garantizar la diversidad y el pluralismo en la radiodifusi\u00f3n y los servicios de comunicaci\u00f3n audiovisual y est\u00e1 inspirado en diferentes pr\u00e1cticas, reglamentaciones y normas compatibles con la Convenci\u00f3n Interamericana de Derechos Humanos en materia de regulaci\u00f3n de concesiones.<\/p>\n<p style=\"text-align: justify;\">Descargar documento completo <a href=\"http:\/\/diversidadaudiovisual.org\/wp-content\/uploads\/2013\/04\/40_Principios_diversidad_pluralismo_libro.pdf\" target=\"_blank\" rel=\"noopener\">aqu\u00ed<\/a> (pdf).<\/p>\n","protected":false},"excerpt":{"rendered":"<p>Este documento publicado en 2010 por el Programa de Legislaciones y derecho a la comunicaci\u00f3n\u00a0 de la Asociaci\u00f3n Mundial de Radio Comunitarias &#8211; Am\u00e9rica Latina y Caribe (AMARC-ALC) expone cuarenta principios basados en jurisprudencia comparada con el fin de establecer pautas para la radiodifusi\u00f3n p\u00fablica, comercial y comunitaria.\u00a0 El trabajo, realizado por por Aleida Calleja, &hellip; <a href=\"https:\/\/diversidadaudiovisual.org\/nuevaweb\/principios-para-garantizar-la-diversidad-y-el-pluralismo-en-la-radiodifusion-y-los-servicios-de-comunicacion-audiovisual\/\" class=\"more-link\">Continue reading <span class=\"screen-reader-text\">Principios para garantizar la diversidad y el pluralismo en la radiodifusi\u00f3n y los servicios de comunicaci\u00f3n audiovisual (2010)<\/span><\/a><\/p>\n","protected":false},"author":1,"featured_media":8467,"comment_status":"closed","ping_status":"open","sticky":false,"template":"","format":"standard","meta":{"footnotes":""},"categories":[74,68],"tags":[],"class_list":["post-833","post","type-post","status-publish","format-standard","has-post-thumbnail","hentry","category-documentos","category-recursos"],"_links":{"self":[{"href":"https:\/\/diversidadaudiovisual.org\/nuevaweb\/wp-json\/wp\/v2\/posts\/833","targetHints":{"allow":["GET"]}}],"collection":[{"href":"https:\/\/diversidadaudiovisual.org\/nuevaweb\/wp-json\/wp\/v2\/posts"}],"about":[{"href":"https:\/\/diversidadaudiovisual.org\/nuevaweb\/wp-json\/wp\/v2\/types\/post"}],"author":[{"embeddable":true,"href":"https:\/\/diversidadaudiovisual.org\/nuevaweb\/wp-json\/wp\/v2\/users\/1"}],"replies":[{"embeddable":true,"href":"https:\/\/diversidadaudiovisual.org\/nuevaweb\/wp-json\/wp\/v2\/comments?post=833"}],"version-history":[{"count":1,"href":"https:\/\/diversidadaudiovisual.org\/nuevaweb\/wp-json\/wp\/v2\/posts\/833\/revisions"}],"predecessor-version":[{"id":8468,"href":"https:\/\/diversidadaudiovisual.org\/nuevaweb\/wp-json\/wp\/v2\/posts\/833\/revisions\/8468"}],"wp:featuredmedia":[{"embeddable":true,"href":"https:\/\/diversidadaudiovisual.org\/nuevaweb\/wp-json\/wp\/v2\/media\/8467"}],"wp:attachment":[{"href":"https:\/\/diversidadaudiovisual.org\/nuevaweb\/wp-json\/wp\/v2\/media?parent=833"}],"wp:term":[{"taxonomy":"category","embeddable":true,"href":"https:\/\/diversidadaudiovisual.org\/nuevaweb\/wp-json\/wp\/v2\/categories?post=833"},{"taxonomy":"post_tag","embeddable":true,"href":"https:\/\/diversidadaudiovisual.org\/nuevaweb\/wp-json\/wp\/v2\/tags?post=833"}],"curies":[{"name":"wp","href":"https:\/\/api.w.org\/{rel}","templated":true}]}}