{"id":965,"date":"2013-05-14T11:10:05","date_gmt":"2013-05-14T11:10:05","guid":{"rendered":"http:\/\/diversidadaudiovisual.org\/?p=965"},"modified":"2021-05-06T09:37:50","modified_gmt":"2021-05-06T09:37:50","slug":"diversite-et-industries-culturelles","status":"publish","type":"post","link":"https:\/\/diversidadaudiovisual.org\/nuevaweb\/diversite-et-industries-culturelles\/","title":{"rendered":"Diversit\u00e9 et Industries Culturelles"},"content":{"rendered":"<p><strong>Philippe Bouquillion y Yolande Comb\u00e9s (Ed.). Par\u00eds: L&#8217;Harmattan. 2011<\/strong><\/p>\n<p style=\"text-align: justify;\">Las contribuciones presentadas en este libro son fruto de intercambios y trabajos de investigaci\u00f3n financiados por el Departamento de Estudios, Prospectiva y Estad\u00edsticas (DEPS) del Ministerio de Cultura y Comunicaci\u00f3n de Francia. Esta obra escrita por investigadores universitarios, incluye cap\u00edtulos sobre: el sector de la prensa, la industria del libro, el sector musical y las industrias cinematogr\u00e1fica y televisiva.<\/p>\n","protected":false},"excerpt":{"rendered":"<p>Philippe Bouquillion y Yolande Comb\u00e9s (Ed.). Par\u00eds: L&#8217;Harmattan. 2011 Las contribuciones presentadas en este libro son fruto de intercambios y trabajos de investigaci\u00f3n financiados por el Departamento de Estudios, Prospectiva y Estad\u00edsticas (DEPS) del Ministerio de Cultura y Comunicaci\u00f3n de Francia. Esta obra escrita por investigadores universitarios, incluye cap\u00edtulos sobre: el sector de la prensa, &hellip; <a href=\"https:\/\/diversidadaudiovisual.org\/nuevaweb\/diversite-et-industries-culturelles\/\" class=\"more-link\">Continue reading <span class=\"screen-reader-text\">Diversit\u00e9 et Industries Culturelles<\/span><\/a><\/p>\n","protected":false},"author":1,"featured_media":6462,"comment_status":"closed","ping_status":"open","sticky":false,"template":"","format":"image","meta":{"footnotes":""},"categories":[75,68],"tags":[],"class_list":["post-965","post","type-post","status-publish","format-image","has-post-thumbnail","hentry","category-bibliografia","category-recursos","post_format-post-format-image"],"_links":{"self":[{"href":"https:\/\/diversidadaudiovisual.org\/nuevaweb\/wp-json\/wp\/v2\/posts\/965","targetHints":{"allow":["GET"]}}],"collection":[{"href":"https:\/\/diversidadaudiovisual.org\/nuevaweb\/wp-json\/wp\/v2\/posts"}],"about":[{"href":"https:\/\/diversidadaudiovisual.org\/nuevaweb\/wp-json\/wp\/v2\/types\/post"}],"author":[{"embeddable":true,"href":"https:\/\/diversidadaudiovisual.org\/nuevaweb\/wp-json\/wp\/v2\/users\/1"}],"replies":[{"embeddable":true,"href":"https:\/\/diversidadaudiovisual.org\/nuevaweb\/wp-json\/wp\/v2\/comments?post=965"}],"version-history":[{"count":1,"href":"https:\/\/diversidadaudiovisual.org\/nuevaweb\/wp-json\/wp\/v2\/posts\/965\/revisions"}],"predecessor-version":[{"id":6463,"href":"https:\/\/diversidadaudiovisual.org\/nuevaweb\/wp-json\/wp\/v2\/posts\/965\/revisions\/6463"}],"wp:featuredmedia":[{"embeddable":true,"href":"https:\/\/diversidadaudiovisual.org\/nuevaweb\/wp-json\/wp\/v2\/media\/6462"}],"wp:attachment":[{"href":"https:\/\/diversidadaudiovisual.org\/nuevaweb\/wp-json\/wp\/v2\/media?parent=965"}],"wp:term":[{"taxonomy":"category","embeddable":true,"href":"https:\/\/diversidadaudiovisual.org\/nuevaweb\/wp-json\/wp\/v2\/categories?post=965"},{"taxonomy":"post_tag","embeddable":true,"href":"https:\/\/diversidadaudiovisual.org\/nuevaweb\/wp-json\/wp\/v2\/tags?post=965"}],"curies":[{"name":"wp","href":"https:\/\/api.w.org\/{rel}","templated":true}]}}